{"id":10097,"date":"2012-07-12T02:53:51","date_gmt":"2012-07-12T02:53:51","guid":{"rendered":null},"modified":"-0001-11-30T00:00:00","modified_gmt":"-0001-11-30T00:00:00","slug":"the-colombian-vice-president-evolves-successfully-say-doctors","status":"publish","type":"post","link":"https:\/\/www.best-dentist-dentistry.com\/de\/the-colombian-vice-president-evolves-successfully-say-doctors\/10097","title":{"rendered":"Dem kolumbianischen Vizepr\u00e4sidenten entwickelt sich erfolgreich, sagen \u00c4rzte"},"content":{"rendered":"<p class=\"first\"> Bogota, 3 jul (EFE).-kolumbianische Vizepr\u00e4sident Angelino Garzon, &#8220;erfolgreich entwickelt&#8221;, berichtet heute klinische K\u00f6nigin Sofia, wo der Politiker wurde am 14. Juni zugelassen.<\/p>\n<p>&#8220;The Vizepr\u00e4sident zufriedenstellend entwickelt sich, weiterhin mit eingeschr\u00e4nkten Besuche und umfassende Reha-Programm,&#8221; sagt den medizinischen Teil des Dienstag unterzeichnet durch den wissenschaftlichen Direktor der Einrichtung, Andres Caballero Arteaga.<\/p>\n<p>Garz\u00f3n, 65, Freitag aus der Einheit der Intensivstation (ICU) und empf\u00e4ngt Besuche eingeschr\u00e4nkt vom letzten Samstag.<\/p>\n<p>Der ehemaligen Gewerkschaft ist vom 14. Juni durch eine zerebrale Isch\u00e4mie, so war es, am 21. Juni, erholend&#8221;Gehirn&#8221; induzierte zur Vermeidung eine m\u00f6gliche Verschlechterung der Gebiet betroffen von der Verletzung, das Mittelhirn, die lebenswichtige Funktionen gef\u00e4hrdet, dann anzumerken \u00c4rzte werden muss ins Krankenhaus eingeliefert.<\/p>\n<p>Garz\u00f3n, die die Vize-Pr\u00e4sidentschaft am 7. August 2010, am selben Tag \u00fcbernommen, die Juan Manuel Santos als kolumbianischen Pr\u00e4sidenten im Vier-Jahres-Zeitraum bis 2014 investiert wurden.<\/p>\n<p>-Image-Datei der Vizepr\u00e4sident von Kolumbien, Angelino Garzon. WireImage \/<\/p>\n","protected":false},"excerpt":{"rendered":"<p>Bogota, 3 jul (EFE).-kolumbianische Vizepr\u00e4sident Angelino Garzon, &#8220;erfolgreich entwickelt&#8221;, berichtet heute klinische K\u00f6nigin Sofia, wo der Politiker wurde am 14. Juni zugelassen. &#8220;The Vizepr\u00e4sident zufriedenstellend entwickelt sich, weiterhin mit eingeschr\u00e4nkten Besuche und umfassende Reha-Programm,&#8221; sagt den medizinischen Teil des Dienstag unterzeichnet durch den wissenschaftlichen Direktor der Einrichtung, Andres Caballero Arteaga. Garz\u00f3n, 65, Freitag aus der [&hellip;]<\/p>\n","protected":false},"author":1,"featured_media":0,"comment_status":"close","ping_status":"open","sticky":false,"template":"","format":"standard","meta":{"footnotes":""},"categories":[3],"tags":[],"class_list":["post-10097","post","type-post","status-publish","format-standard","hentry","category-allgemeine","et-doesnt-have-format-content","et_post_format-et-post-format-standard"],"_links":{"self":[{"href":"https:\/\/www.best-dentist-dentistry.com\/de\/wp-json\/wp\/v2\/posts\/10097","targetHints":{"allow":["GET"]}}],"collection":[{"href":"https:\/\/www.best-dentist-dentistry.com\/de\/wp-json\/wp\/v2\/posts"}],"about":[{"href":"https:\/\/www.best-dentist-dentistry.com\/de\/wp-json\/wp\/v2\/types\/post"}],"author":[{"embeddable":true,"href":"https:\/\/www.best-dentist-dentistry.com\/de\/wp-json\/wp\/v2\/users\/1"}],"replies":[{"embeddable":true,"href":"https:\/\/www.best-dentist-dentistry.com\/de\/wp-json\/wp\/v2\/comments?post=10097"}],"version-history":[{"count":0,"href":"https:\/\/www.best-dentist-dentistry.com\/de\/wp-json\/wp\/v2\/posts\/10097\/revisions"}],"wp:attachment":[{"href":"https:\/\/www.best-dentist-dentistry.com\/de\/wp-json\/wp\/v2\/media?parent=10097"}],"wp:term":[{"taxonomy":"category","embeddable":true,"href":"https:\/\/www.best-dentist-dentistry.com\/de\/wp-json\/wp\/v2\/categories?post=10097"},{"taxonomy":"post_tag","embeddable":true,"href":"https:\/\/www.best-dentist-dentistry.com\/de\/wp-json\/wp\/v2\/tags?post=10097"}],"curies":[{"name":"wp","href":"https:\/\/api.w.org\/{rel}","templated":true}]}}