{"id":10140,"date":"2012-07-14T02:23:30","date_gmt":"2012-07-14T02:23:30","guid":{"rendered":null},"modified":"-0001-11-30T00:00:00","modified_gmt":"-0001-11-30T00:00:00","slug":"venezuelan-chavez-returned-to-cuba-for-radiotherapy","status":"publish","type":"post","link":"https:\/\/www.best-dentist-dentistry.com\/de\/venezuelan-chavez-returned-to-cuba-for-radiotherapy\/10140","title":{"rendered":"Venezolanischer Ch\u00e1vez kehrte nach Kuba f\u00fcr Strahlentherapie"},"content":{"rendered":"<p class=\"first\"> CARACAS (Reuters) &#8211; der Pr\u00e4sident von Venezuela, Hugo Ch\u00e1vez, sagte Samstag, die in den n\u00e4chsten paar Stunden nach Kuba, um Sonntag im Behandlung der Strahlentherapie f\u00fcr bis zu f\u00fcnf Wochen gegen den Krebs zu beginnen, die leidet und verlassen hat, die ihn wiederherstellen f\u00fcr die Pr\u00e4sidentschaftswahlen im Oktober, die versuchen werden, ein neues Mandat zur\u00fcckgeben wird.<\/p>\n<p>Behandlung, dem milit\u00e4rische ehemalige 57-Jahres unterbreitet, zwingen w\u00fcrde, sich das Tempo seiner st\u00e4ndigen \u00f6ffentlichen Auftritte und Marathon reden in Momenten, in denen der Wahlkampf f\u00fcr die Wahlen, die als besonders hei\u00df gesehen werden, die angefochten hat intensiviert, gef\u00e4rbt Gesicht.<\/p>\n<p>&#8220;heute Abend gehen nach Havanna.&#8221; &#8220;Ich entschied mich f\u00fcr die Empfehlung von meiner medizinischen Ger\u00e4ten und meine politischen Team Morgen Sonntag beginnen die Strahlentherapie Behandlung&#8221;, sagte Chavez w\u00e4hrend einem Ministerrat in Radio und Fernsehen Kette.<\/p>\n<p>&#8220;Monat des Vorgangs sind bereit f\u00fcr Strahlentherapie, der f\u00fcr etwa vier oder f\u00fcnf Wochen l\u00e4uft, sondern startet morgen in Havanna&#8221;, erkl\u00e4rte der Pr\u00e4sident.<\/p>\n<p>Am Ende Februar, Chavez reiste nach Kuba und wurde zu einem neuen Chirurgie, die mit einem Krebsgeschw\u00fcr im Beckenbereich, extrahiert wurde, die bereits f\u00fcr Krebs behandelt worden war.<\/p>\n<p>(Diego Erz Zusatzbericht); (Herausgegeben von Patricio Abusleme)<\/p>\n","protected":false},"excerpt":{"rendered":"<p>CARACAS (Reuters) &#8211; der Pr\u00e4sident von Venezuela, Hugo Ch\u00e1vez, sagte Samstag, die in den n\u00e4chsten paar Stunden nach Kuba, um Sonntag im Behandlung der Strahlentherapie f\u00fcr bis zu f\u00fcnf Wochen gegen den Krebs zu beginnen, die leidet und verlassen hat, die ihn wiederherstellen f\u00fcr die Pr\u00e4sidentschaftswahlen im Oktober, die versuchen werden, ein neues Mandat zur\u00fcckgeben [&hellip;]<\/p>\n","protected":false},"author":1,"featured_media":0,"comment_status":"close","ping_status":"open","sticky":false,"template":"","format":"standard","meta":{"footnotes":""},"categories":[3],"tags":[20967],"class_list":["post-10140","post","type-post","status-publish","format-standard","hentry","category-allgemeine","tag-rzte-objekt","et-doesnt-have-format-content","et_post_format-et-post-format-standard"],"_links":{"self":[{"href":"https:\/\/www.best-dentist-dentistry.com\/de\/wp-json\/wp\/v2\/posts\/10140","targetHints":{"allow":["GET"]}}],"collection":[{"href":"https:\/\/www.best-dentist-dentistry.com\/de\/wp-json\/wp\/v2\/posts"}],"about":[{"href":"https:\/\/www.best-dentist-dentistry.com\/de\/wp-json\/wp\/v2\/types\/post"}],"author":[{"embeddable":true,"href":"https:\/\/www.best-dentist-dentistry.com\/de\/wp-json\/wp\/v2\/users\/1"}],"replies":[{"embeddable":true,"href":"https:\/\/www.best-dentist-dentistry.com\/de\/wp-json\/wp\/v2\/comments?post=10140"}],"version-history":[{"count":0,"href":"https:\/\/www.best-dentist-dentistry.com\/de\/wp-json\/wp\/v2\/posts\/10140\/revisions"}],"wp:attachment":[{"href":"https:\/\/www.best-dentist-dentistry.com\/de\/wp-json\/wp\/v2\/media?parent=10140"}],"wp:term":[{"taxonomy":"category","embeddable":true,"href":"https:\/\/www.best-dentist-dentistry.com\/de\/wp-json\/wp\/v2\/categories?post=10140"},{"taxonomy":"post_tag","embeddable":true,"href":"https:\/\/www.best-dentist-dentistry.com\/de\/wp-json\/wp\/v2\/tags?post=10140"}],"curies":[{"name":"wp","href":"https:\/\/api.w.org\/{rel}","templated":true}]}}