{"id":10148,"date":"2012-07-14T02:26:02","date_gmt":"2012-07-14T02:26:02","guid":{"rendered":null},"modified":"-0001-11-30T00:00:00","modified_gmt":"-0001-11-30T00:00:00","slug":"fire-affects-more-than-700-acres-in-a-natural-park-in-spain","status":"publish","type":"post","link":"https:\/\/www.best-dentist-dentistry.com\/de\/fire-affects-more-than-700-acres-in-a-natural-park-in-spain\/10148","title":{"rendered":"Feuer wirkt sich auf mehr als 700 Hektar in einem Naturpark in Spanien"},"content":{"rendered":"<p class=\"first\"> Santiago De Compostela (Spanien), 1 Apr (EFE).-ein Feuer Samstag in der spanischen Region Galicien (Nordwesten) hat weit mehr als 700 Hektar gro\u00dfen Naturpark von hohem \u00f6kologischen Wert, berichtet heute zu Efe Regionalregierung Quellen beeinflu\u00dft.<\/p>\n<p>Von der 700 Hektar betroffen, etwa 500 B\u00e4ume, Quellen zufolge sind.<\/p>\n<p>Feuer im Naturpark des Fragas Do Eume, A Capela Township, bleibt mit einem Warnstufe 1, der h\u00f6chsten durch die N\u00e4he der Flammen in H\u00e4user aktiv.<\/p>\n<p>The Mayor of A Capela, Manuel Meizoso, jedoch sagte im Gespr\u00e4ch mit einem lokalen Radiosender, die die Flammen bereits rund 2.000 Hektar verschlungen haben.<\/p>\n<p>Insgesamt 224 Soldaten der milit\u00e4rischen Einheit Ausnahmezustand (EMU) arbeiten in die Ausl\u00f6schung des Feuers neben zwanzig Wald-Brigaden, die Unterst\u00fctzung der f\u00fcnf Hubschrauber und vier Flugzeugen haben, bedeutet, dass es werden im Laufe des Vormittags, nach der Regionalregierung Quellen erh\u00f6hen werden.<\/p>\n<p>\u00dcber 200 Leute hatten am Samstag in mehrere D\u00f6rfer nahe dem Feuer ger\u00e4umt werden, die schnell durch die starken Winde, die nicht aufh\u00f6ren angeheizt, tags\u00fcber weht und erschwert die Arbeit des Aussterbens Brigaden.<\/p>\n<p>Feuerwehr Quellen Efe erz\u00e4hlte, dass das Feuer &#8220;unter Kontrolle&#8221; ist, sondern darauf hingewiesen, dass das Feuer in mehreren Lampen unterteilt wurde.<\/p>\n<p>Der regionalen Pr\u00e4sidenten von Galicien, Alberto N\u00fa\u00f1ez Feij\u00f3o, besucht heute die Gemeinden, die von dem Feuer betroffen.<\/p>\n<p>Verschiedene Quellen haben best\u00e4tigt, dass das Feuer den Naturpark der Eume, eine gesch\u00fctzte atlantischen Regenwaldes betroffen hat, die erstreckt sich \u00fcber eine Fl\u00e4che von 9.000 Hektar und einer der meistbesuchten Punkte in der Region in das Becken von dem Fluss Eume.<\/p>\n<p>Der spanischen Guardia Civil h\u00e4lt geschnitten, da gestern nach der Naturpark und das Kloster von Caaveiro zugreift, ein Kloster aus dem 12. Jahrhundert oben auf einen H\u00fcgel in voller Wald, hatte vor kurzem renoviert worden und das war einer der spektakul\u00e4rsten Orte Galicien, wurde entfernt.<\/p>\n<p>The State Meteorological Agency erwartet nicht nur Regen in den n\u00e4chsten Stunden in der Gegend.<\/p>\n<p>Haben auf der anderen Seite bereits kontrolliert wurden drei weitere Br\u00e4nde in der Region, die in gegl\u00fcht wurden haben insgesamt mehr als 130 Hektar der Einfassung, w\u00e4hrend \u00dcberreste eines Raumes, die bereits mehr als 20 Hektar geschleift hat.<\/p>\n<p>Truppen der milit\u00e4rischen Einheit Ausnahmezustand (EMU) wurden in die Arbeit der L\u00f6schen des Brandes in der Gemeinde Coru\u00f1a A Capela (Spanien) eingearbeitet. EFE<\/p>\n","protected":false},"excerpt":{"rendered":"<p>Santiago De Compostela (Spanien), 1 Apr (EFE).-ein Feuer Samstag in der spanischen Region Galicien (Nordwesten) hat weit mehr als 700 Hektar gro\u00dfen Naturpark von hohem \u00f6kologischen Wert, berichtet heute zu Efe Regionalregierung Quellen beeinflu\u00dft. Von der 700 Hektar betroffen, etwa 500 B\u00e4ume, Quellen zufolge sind. Feuer im Naturpark des Fragas Do Eume, A Capela Township, [&hellip;]<\/p>\n","protected":false},"author":1,"featured_media":0,"comment_status":"close","ping_status":"open","sticky":false,"template":"","format":"standard","meta":{"footnotes":""},"categories":[3],"tags":[],"class_list":["post-10148","post","type-post","status-publish","format-standard","hentry","category-allgemeine","et-doesnt-have-format-content","et_post_format-et-post-format-standard"],"_links":{"self":[{"href":"https:\/\/www.best-dentist-dentistry.com\/de\/wp-json\/wp\/v2\/posts\/10148","targetHints":{"allow":["GET"]}}],"collection":[{"href":"https:\/\/www.best-dentist-dentistry.com\/de\/wp-json\/wp\/v2\/posts"}],"about":[{"href":"https:\/\/www.best-dentist-dentistry.com\/de\/wp-json\/wp\/v2\/types\/post"}],"author":[{"embeddable":true,"href":"https:\/\/www.best-dentist-dentistry.com\/de\/wp-json\/wp\/v2\/users\/1"}],"replies":[{"embeddable":true,"href":"https:\/\/www.best-dentist-dentistry.com\/de\/wp-json\/wp\/v2\/comments?post=10148"}],"version-history":[{"count":0,"href":"https:\/\/www.best-dentist-dentistry.com\/de\/wp-json\/wp\/v2\/posts\/10148\/revisions"}],"wp:attachment":[{"href":"https:\/\/www.best-dentist-dentistry.com\/de\/wp-json\/wp\/v2\/media?parent=10148"}],"wp:term":[{"taxonomy":"category","embeddable":true,"href":"https:\/\/www.best-dentist-dentistry.com\/de\/wp-json\/wp\/v2\/categories?post=10148"},{"taxonomy":"post_tag","embeddable":true,"href":"https:\/\/www.best-dentist-dentistry.com\/de\/wp-json\/wp\/v2\/tags?post=10148"}],"curies":[{"name":"wp","href":"https:\/\/api.w.org\/{rel}","templated":true}]}}