{"id":10226,"date":"2012-07-15T02:23:50","date_gmt":"2012-07-15T02:23:50","guid":{"rendered":null},"modified":"-0001-11-30T00:00:00","modified_gmt":"-0001-11-30T00:00:00","slug":"andalusia-vote-in-key-elections-for-the-pp","status":"publish","type":"post","link":"https:\/\/www.best-dentist-dentistry.com\/de\/andalusia-vote-in-key-elections-for-the-pp\/10226","title":{"rendered":"andalusia vote in key elections for the pp"},"content":{"rendered":"<p class=\"first\"> <span class=\"yshortcuts\" id=\"lw_1332681488_0\"> Sevilla<\/span> (Reuters) &#8211; <span class=\"yshortcuts\" id=\"lw_1332681488_1\"> Andalusien<\/span>, <span class=\"yshortcuts\" id=\"lw_1332681488_2\"> Commonwealth<\/span> mehr <span class=\"yshortcuts\" id=\"lw_1332681488_3\"> Grande Spanien<\/span>, stimmten <span class=\"yshortcuts\" id=\"lw_1332681488_4\"> Sonntag<\/span> Regionalwahlen, die Aufnahmezeitraum <span class=\"yshortcuts\" id=\"lw_1332681488_5\"> macht<\/span> die <span class=\"yshortcuts\" id=\"lw_1332681488_6\"> PP<\/span> zum ersten Mal nach drei Jahrzehnten der sozialistischen <span class=\"yshortcuts\" id=\"lw_1332681488_7\"> Dom\u00e4ne<\/span>, laut den <span class=\"yshortcuts\" id=\"lw_1332681488_8\"> Umfragen<\/span>, die eine wichtige Best\u00e4tigung f\u00fcr die Reformen und K\u00fcrzungen in der konservativen Regierung von Mariano Rajoy w\u00e4re.<\/p>\n<p>Der PP von Javier Arenas, pr\u00e4sentiert zum vierten Mal zum Pr\u00e4sidenten der Junta de Andaluc\u00eda, erhalten eine absolute Mehrheit von bis zu 59 Mitglieder w\u00e4hrend die PSOE in Jos\u00e9 Antonio Gri\u00f1\u00e1n 15 Eintr\u00e4ge in die Kammer, verlieren w\u00fcrde, die auch IULV-CA profitieren w\u00fcrde (Vereinigte Links die Verdes-Convocatoria in Andalusien) mit einem Anstieg von bis zu neun Sitze im Parlament von 109.<\/p>\n<p>Jedoch eine Umfrage von der Mitte der soziologischen Untersuchungen (CIS) der Mitte M\u00e4rz wies darauf hin, dass die PP am Rande der absoluten Mehrheit, eben T\u00fcr ge\u00f6ffnet f\u00fcr einer m\u00f6glichen Koalition zwischen der PSOE und IU Regierung wurde.<\/p>\n<p>Beteiligung an den Wahlen war die 29.29 % um 14:00 fast zehn Punkte weniger als die 39,08 Wahl von 2008, nach Daten von der Junta de Andaluc\u00eda. Der gro\u00dfe Unterschied k\u00f6nnte aufgrund des Fehlens von Interesse, obwohl es m\u00f6glich ist, dass die \u00c4nderung Sommerzeit, die vor einer Stunde im Morgengrauen am Sonntag Uhren, die Daten beeinflussen wurde.<\/p>\n<p>Sands wollte den ersten Kandidaten zu stimmen, das Polling um elf Uhr morgens mit seiner Frau und Tochter.<\/p>\n<p>&#8220;eine sehr ruhige Morgen, in der Hoffnung, dass es eine Menge der Beteiligung, die Umfragen zu Anschwellen der Hoffnung und Hoffnung f\u00fcr die Zukunft, und das passiert Morgen, egal was passiert heute, alle wir gegen die Wirtschaftskrise und Arbeitslosigkeit k\u00e4mpfen&#8221;, sagte in Anweisungen zusammengestellt von Nationalradio.<\/p>\n<p>Der amtierende Pr\u00e4sident des Verwaltungsrates und Kandidat der PSOE, Jos\u00e9 Antonio Gri\u00f1\u00e1n, am Mittag gestimmt, indem man einen Aufruf zur Teilnahme.<\/p>\n<p>&#8220;Ich hoffe, dass ein Tag der Abstimmung, auf der ganzen Welt in die n\u00e4chsten vier Jahren zu entscheiden, weil sie vier bedeutsame Jahre f\u00fcr Andalusien, sind&#8221; hingewiesen.<\/p>\n<p>\u00c1lvaro Morales, ein Arbeitsloser im Alter von 39, die ihre Stimme auf eine kleinere Partei ge\u00e4ndert, war hoffnungslos vor Wahlen.<\/p>\n<p>&#8220;Ich bin nicht optimistisch f\u00fcr die Zukunft von Andalusien und sehe nicht meine Stimme viel \u00e4ndern.&#8221; &#8220;Dies ist eine viel mehr globale Krise und nicht durch weitere K\u00fcrzungen, sagte gel\u00f6st wird.<\/p>\n<p>&#8220;30 Jahre ist zu lang&#8221;<\/p>\n<p>Insgesamt 6,40 Millionen W\u00e4hler sind aufgerufen, zu den Urnen f\u00fcr eine Bev\u00f6lkerung von fast 8 Millionen und die H\u00e4lfte der Einwohner, die seit der Wiederherstellung der Demokratie, eine niedrige Stunden gegen\u00fcber in Andalusien zu einem Verlust der territorialen und institutionellen macht fast absolute nach dem kurf\u00fcrstlichen Debakel des Vorjahres und dem Municipal Partei f\u00fcr die PSOE, entschieden hat.<\/p>\n<p>Der Wirtschaftskrise, die hohe Rate der Arbeitslosigkeit von 31 Prozent, der B\u00fcrgermeister von Spanien und F\u00e4lle von Korruption haben die Andalusier, die scheinen bereit zu bestrafen die Sozialisten und \u00e4ndern die PP mehr Schnitte im Wohlfahrtsstaat ankommen abgeraten.<\/p>\n<p>&#8220;Andalusien braucht eine Ver\u00e4nderung,&#8221; sagte Sonntag in Sevilla Alberto Fern\u00e1ndez, Taxifahrer. Wir haben es auf jeden Fall versuchen, obwohl Leute Mosqueada mit so viel Gerede der Schnitte sind. &#8220;Vielleicht deshalb nicht gewinnen Mehrheit&#8221;.<\/p>\n<p>Sagte unterdessen C\u00e9sar Chaparro, Computer seit 35 Jahren, dass &#8220;die Sozialisten wollen hart durch Arbeitslosigkeit Zahlen und die Skandale der Korruption, der alle Verkehrstr\u00e4ger alle Parteien haben.&#8221; Aber 30 Jahre ist zu lang f\u00fcr eine Partei. &#8220;Es gibt hier eine tiefe Krise und ich sehe keine Verbesserung in Jahren&#8221;.<\/p>\n<p>Andalusischen Wahlen sind vier Tage, bevor ein Generalstreik von den zur Sparsamkeit und f\u00fcnf Tage vor, dass Rajoy seinen Haushalt 2012 mit gro\u00dfen Schnitten sendet und Arbeitsreform.<\/p>\n","protected":false},"excerpt":{"rendered":"<p>Sevilla (Reuters) &#8211; Andalusien, Commonwealth mehr Grande Spanien, stimmten Sonntag Regionalwahlen, die Aufnahmezeitraum macht die PP zum ersten Mal nach drei Jahrzehnten der sozialistischen Dom\u00e4ne, laut den Umfragen, die eine wichtige Best\u00e4tigung f\u00fcr die Reformen und K\u00fcrzungen in der konservativen Regierung von Mariano Rajoy w\u00e4re. Der PP von Javier Arenas, pr\u00e4sentiert zum vierten Mal zum [&hellip;]<\/p>\n","protected":false},"author":1,"featured_media":0,"comment_status":"close","ping_status":"open","sticky":false,"template":"","format":"standard","meta":{"footnotes":""},"categories":[3],"tags":[],"class_list":["post-10226","post","type-post","status-publish","format-standard","hentry","category-allgemeine","et-doesnt-have-format-content","et_post_format-et-post-format-standard"],"_links":{"self":[{"href":"https:\/\/www.best-dentist-dentistry.com\/de\/wp-json\/wp\/v2\/posts\/10226","targetHints":{"allow":["GET"]}}],"collection":[{"href":"https:\/\/www.best-dentist-dentistry.com\/de\/wp-json\/wp\/v2\/posts"}],"about":[{"href":"https:\/\/www.best-dentist-dentistry.com\/de\/wp-json\/wp\/v2\/types\/post"}],"author":[{"embeddable":true,"href":"https:\/\/www.best-dentist-dentistry.com\/de\/wp-json\/wp\/v2\/users\/1"}],"replies":[{"embeddable":true,"href":"https:\/\/www.best-dentist-dentistry.com\/de\/wp-json\/wp\/v2\/comments?post=10226"}],"version-history":[{"count":0,"href":"https:\/\/www.best-dentist-dentistry.com\/de\/wp-json\/wp\/v2\/posts\/10226\/revisions"}],"wp:attachment":[{"href":"https:\/\/www.best-dentist-dentistry.com\/de\/wp-json\/wp\/v2\/media?parent=10226"}],"wp:term":[{"taxonomy":"category","embeddable":true,"href":"https:\/\/www.best-dentist-dentistry.com\/de\/wp-json\/wp\/v2\/categories?post=10226"},{"taxonomy":"post_tag","embeddable":true,"href":"https:\/\/www.best-dentist-dentistry.com\/de\/wp-json\/wp\/v2\/tags?post=10226"}],"curies":[{"name":"wp","href":"https:\/\/api.w.org\/{rel}","templated":true}]}}