{"id":10238,"date":"2012-07-15T02:25:15","date_gmt":"2012-07-15T02:25:15","guid":{"rendered":null},"modified":"-0001-11-30T00:00:00","modified_gmt":"-0001-11-30T00:00:00","slug":"the-idis-moved-to-ana-mato-after-easter-his-proposal-to-tax-relief-for-private-insurance","status":"publish","type":"post","link":"https:\/\/www.best-dentist-dentistry.com\/de\/the-idis-moved-to-ana-mato-after-easter-his-proposal-to-tax-relief-for-private-insurance\/10238","title":{"rendered":"the idis moved to ana mato after easter his proposal to tax relief for private insurance"},"content":{"rendered":"<p class=\"first\"> <span class=\"yshortcuts\" id=\"lw_1332942274_0\"> MADRID<\/span>, 28 (<span class=\"yshortcuts\" id=\"lw_1332942274_1\"> EUROPA PRESS<\/span>)<\/p>\n<p>Der <span class=\"yshortcuts\" id=\"lw_1332942274_2\"> Minister<\/span> f\u00fcr <span class=\"yshortcuts\" id=\"lw_1332942274_3\"> Gesundheit<\/span>, <span class=\"yshortcuts\" id=\"lw_1332942274_4\"> Soziales<\/span> und <span class=\"yshortcuts\" id=\"lw_1332942274_5\"> Gleichstellung<\/span>, <span class=\"yshortcuts\" id=\"lw_1332942274_6\"> Ana Mato<\/span>, treffen sich &#8220;nach dem Heiligen <span class=\"yshortcuts\"id=\"lw_1332942274_7\"> Woche<\/span>&#8221; mit den Verantwortlichen f\u00fcr das <span class=\"yshortcuts\" id=\"lw_1332942274_8\"> Institut<\/span> f\u00fcr die Entwicklung und Integration der Gesundheit (IDIS), die die Gelegenheit nutzen, um sein Vorschlag, eine Steuer f\u00fcr Privatversicherungen Spanien gelten erh\u00f6hen.<\/p>\n<p>Das war der Generalsekret\u00e4r der IDIS, Juan Abarca, teilte am Mittwoch bei der Vorstellung des Berichts &#39; private Gesundheit, Bereitstellung von Wert. Analyse der Situation 2012 &#39;, welche updates die Daten auf private Gesundheitsversorgung in Spanien, das zweite europ\u00e4ische Land, wo die meisten investiert in private Gesundheit.<\/p>\n<p>Nach covers, &#8220;privaten Gesundheitssektor tr\u00e4gt zum Download und die Einsparungen der \u00f6ffentlichen System&#8221;, weil &#8220;decongests der \u00f6ffentlichen Gesundheit durch Aktivit\u00e4t von private Krankenh\u00e4user, die eine Steigerung von 1 % hoch, ein Anstieg von chirurgischen Eingriffen die Dringlichkeiten von 5,2 % gegen\u00fcber 2008 und 2,5 % im Jahr 2009 nahm durchgef\u00fchrt&#8221;, sagte.<\/p>\n<p>&#8220;<\/p>\n<p>Auch speichert, wie sie Mato, erkl\u00e4ren&#8221; &#8220;f\u00fcr die \u00f6ffentliche Gesundheit da, dem Modell der Krankenversicherung in Spanien (Duplicate Versicherung), die 7 Millionen Versicherten mit private Politik weniger gebrauchte oder ungenutzte \u00f6ffentliche Gesundheit, Spanisch was eine versteckte, die staatlichen Subventionen betrachtet werden k\u00f6nnen&#8221;, erkl\u00e4rt.<\/p>\n<p>, Sagte der Generalsekret\u00e4r der IDIS, dass jeder Benutzer \u00fcber eine private Krankenversicherung j\u00e4hrliche Einsparungen an das \u00f6ffentliche System knapp 1.500 Euro generiert. Dieser Beitrag von Benutzern, sehen Sie m\u00f6glicherweise als eine Art &#8220;freiwillige Praxisgeb\u00fchr&#8221;, weist darauf hin, st\u00e4rken w\u00fcrde, wenn die Regierung der Steuerabzug auf die Gesundheitskosten f\u00fcr die Privatversicherungen implementieren w\u00fcrde.<\/p>\n<p>F\u00fcr Abdeckungen, &#8220;Wenn diese Ma\u00dfnahme umgesetzt werden soll, die Anzahl der versicherten Personen konnte bis zu 15 Prozent, die Midiet an das \u00f6ffentliche Ausgaben und Ressource Verwendung weiter ohne Verringerung der Patientenrechte&#8221;.<\/p>\n<p>The IDIS gehofft, jedoch, dass die Zahl der Menschen, die private Krankenversicherung mieten steigen, weiter da es bereits um 0,6 Prozent zwischen dem dritten Quartal 2010 und die dritte in 2011 getan hat, geht von 8,83 Millionen Versicherungsnehmern 8,780 Millionen.<\/p>\n<p>Einer der Gr\u00fcnde, so erwarten, diese erh\u00f6hen Verlobung ist &#8220;Angst Schnitte&#8221; im \u00f6ffentlichen Gesundheitswesen, so der Vorsitzende von der IDIS, I\u00f1aki Muxika, der glaubt, dass gegen die m\u00f6gliche Beschr\u00e4nkung der Nutzen f\u00fcr die \u00f6ffentliche Gesundheit, der B\u00fcrger wird &#8220;die R\u00fccken abdecken wollen&#8221; erwartet der.<\/p>\n<p>Geht unterdessen die IDIS weiter mit der Kampagne, die im Dezember 2011 zu beantragen, die Unterst\u00fctzung von Einzelpersonen, Institutionen und Firmen f\u00fcr ihren Vorschlag, den ein Steuerabzug f\u00fcr gesicherten privaten gilt ins Leben gerufen. Bisher erreicht haben einige 50.000 Unterschriften &#8211; 31.700 individueller und kollektiver 20.000 &#8211; Web &#39; http:\/\/www.desgravacionfiscalsanitaria.org &#39;. <\/p>\n","protected":false},"excerpt":{"rendered":"<p>MADRID, 28 ( EUROPA PRESS) Der Minister f\u00fcr Gesundheit, Soziales und Gleichstellung, Ana Mato, treffen sich &#8220;nach dem Heiligen Woche&#8221; mit den Verantwortlichen f\u00fcr das Institut f\u00fcr die Entwicklung und Integration der Gesundheit (IDIS), die die Gelegenheit nutzen, um sein Vorschlag, eine Steuer f\u00fcr Privatversicherungen Spanien gelten erh\u00f6hen. Das war der Generalsekret\u00e4r der IDIS, Juan [&hellip;]<\/p>\n","protected":false},"author":1,"featured_media":0,"comment_status":"close","ping_status":"open","sticky":false,"template":"","format":"standard","meta":{"footnotes":""},"categories":[3],"tags":[],"class_list":["post-10238","post","type-post","status-publish","format-standard","hentry","category-allgemeine","et-doesnt-have-format-content","et_post_format-et-post-format-standard"],"_links":{"self":[{"href":"https:\/\/www.best-dentist-dentistry.com\/de\/wp-json\/wp\/v2\/posts\/10238","targetHints":{"allow":["GET"]}}],"collection":[{"href":"https:\/\/www.best-dentist-dentistry.com\/de\/wp-json\/wp\/v2\/posts"}],"about":[{"href":"https:\/\/www.best-dentist-dentistry.com\/de\/wp-json\/wp\/v2\/types\/post"}],"author":[{"embeddable":true,"href":"https:\/\/www.best-dentist-dentistry.com\/de\/wp-json\/wp\/v2\/users\/1"}],"replies":[{"embeddable":true,"href":"https:\/\/www.best-dentist-dentistry.com\/de\/wp-json\/wp\/v2\/comments?post=10238"}],"version-history":[{"count":0,"href":"https:\/\/www.best-dentist-dentistry.com\/de\/wp-json\/wp\/v2\/posts\/10238\/revisions"}],"wp:attachment":[{"href":"https:\/\/www.best-dentist-dentistry.com\/de\/wp-json\/wp\/v2\/media?parent=10238"}],"wp:term":[{"taxonomy":"category","embeddable":true,"href":"https:\/\/www.best-dentist-dentistry.com\/de\/wp-json\/wp\/v2\/categories?post=10238"},{"taxonomy":"post_tag","embeddable":true,"href":"https:\/\/www.best-dentist-dentistry.com\/de\/wp-json\/wp\/v2\/tags?post=10238"}],"curies":[{"name":"wp","href":"https:\/\/api.w.org\/{rel}","templated":true}]}}