{"id":10243,"date":"2012-07-15T02:25:38","date_gmt":"2012-07-15T02:25:38","guid":{"rendered":null},"modified":"-0001-11-30T00:00:00","modified_gmt":"-0001-11-30T00:00:00","slug":"andalusian-board-estimated-at-72-unemployment-in-public-health-and-follow-up-of-076-in-concerted-centres","status":"publish","type":"post","link":"https:\/\/www.best-dentist-dentistry.com\/de\/andalusian-board-estimated-at-72-unemployment-in-public-health-and-follow-up-of-076-in-concerted-centres\/10243","title":{"rendered":"andalusian board estimated at 72 unemployment in public health and follow up of 076 in concerted centres"},"content":{"rendered":"<p class=\"first\"> <span class=\"yshortcuts\" id=\"lw_1333028790_0\"> SEVILLA<\/span>, 29 (<span class=\"yshortcuts\" id=\"lw_1333028790_1\"> EUROPA PRESS<\/span>)<\/p>\n<p>Der <span class=\"yshortcuts\" id=\"lw_1333028790_2\"> Berater<\/span> des <span class=\"yshortcuts\" id=\"lw_1333028790_3\"> Pr\u00e4sidiums<\/span> der <span class=\"yshortcuts\" id=\"lw_1333028790_4\"> Regierungssprecher<\/span> andalusischen in Funktionen, <span class=\"yshortcuts\" id=\"lw_1333028790_5\"> Mar Moreno<\/span>, verschl\u00fcsselt 13,44 % \u00dcberwachung w\u00e4hrend aufgezeichnet w\u00e4hrend des Streiks einberufen, bis zum Jahr 2010, die ersten Stunden des <span class=\"yshortcuts\" id=\"lw_1333028790_6\"> Generalstreiks<\/span> im gesamten die Dienstprogramme von der <span class=\"yshortcuts\" id=\"lw_1333028790_7\"> Junta de Andaluc\u00eda<\/span>, die fast das Doppelte als in 6,65 Prozent Stand.<\/p>\n<p>Im Bereich der <span class=\"yshortcuts\" id=\"lw_1333028790_8\"> Gesundheit<\/span> hat, verschl\u00fcsselt das Follow-up der Arbeitnehmer im \u00f6ffentlichen Gesundheitssystem Andalusien um 7,2 Prozent; in \u00f6ffentlichen Unternehmen Gesundheit 7,76 Prozent und Gesundheitszentren abgeschlossen um 0,76 Prozent.<\/p>\n<p>Pressekonferenz in den Palast von San Telmo Bestandsaufnahme der die ersten Stunden des Generalstreiks in Andalusien, Moreno hat sichergestellt, dass der autonome Executive Wert Generalstreik als &#8220;Aufruf zum Dialog&#8221; an die Regierung, die &#8220;sch\u00e4dlichsten Aspekte&#8221; der Arbeitsreform, die fand, dass &#8220;es noch Spielraum gibt&#8221; zu korrigieren.<\/p>\n","protected":false},"excerpt":{"rendered":"<p>SEVILLA, 29 ( EUROPA PRESS) Der Berater des Pr\u00e4sidiums der Regierungssprecher andalusischen in Funktionen, Mar Moreno, verschl\u00fcsselt 13,44 % \u00dcberwachung w\u00e4hrend aufgezeichnet w\u00e4hrend des Streiks einberufen, bis zum Jahr 2010, die ersten Stunden des Generalstreiks im gesamten die Dienstprogramme von der Junta de Andaluc\u00eda, die fast das Doppelte als in 6,65 Prozent Stand. Im Bereich [&hellip;]<\/p>\n","protected":false},"author":1,"featured_media":0,"comment_status":"close","ping_status":"open","sticky":false,"template":"","format":"standard","meta":{"footnotes":""},"categories":[3],"tags":[],"class_list":["post-10243","post","type-post","status-publish","format-standard","hentry","category-allgemeine","et-doesnt-have-format-content","et_post_format-et-post-format-standard"],"_links":{"self":[{"href":"https:\/\/www.best-dentist-dentistry.com\/de\/wp-json\/wp\/v2\/posts\/10243","targetHints":{"allow":["GET"]}}],"collection":[{"href":"https:\/\/www.best-dentist-dentistry.com\/de\/wp-json\/wp\/v2\/posts"}],"about":[{"href":"https:\/\/www.best-dentist-dentistry.com\/de\/wp-json\/wp\/v2\/types\/post"}],"author":[{"embeddable":true,"href":"https:\/\/www.best-dentist-dentistry.com\/de\/wp-json\/wp\/v2\/users\/1"}],"replies":[{"embeddable":true,"href":"https:\/\/www.best-dentist-dentistry.com\/de\/wp-json\/wp\/v2\/comments?post=10243"}],"version-history":[{"count":0,"href":"https:\/\/www.best-dentist-dentistry.com\/de\/wp-json\/wp\/v2\/posts\/10243\/revisions"}],"wp:attachment":[{"href":"https:\/\/www.best-dentist-dentistry.com\/de\/wp-json\/wp\/v2\/media?parent=10243"}],"wp:term":[{"taxonomy":"category","embeddable":true,"href":"https:\/\/www.best-dentist-dentistry.com\/de\/wp-json\/wp\/v2\/categories?post=10243"},{"taxonomy":"post_tag","embeddable":true,"href":"https:\/\/www.best-dentist-dentistry.com\/de\/wp-json\/wp\/v2\/tags?post=10243"}],"curies":[{"name":"wp","href":"https:\/\/api.w.org\/{rel}","templated":true}]}}