{"id":10299,"date":"2012-07-15T02:52:07","date_gmt":"2012-07-15T02:52:07","guid":{"rendered":null},"modified":"-0001-11-30T00:00:00","modified_gmt":"-0001-11-30T00:00:00","slug":"doctors-in-madrid-to-begin-a-three-day-strike","status":"publish","type":"post","link":"https:\/\/www.best-dentist-dentistry.com\/de\/doctors-in-madrid-to-begin-a-three-day-strike\/10299","title":{"rendered":"\u00c4rzte in Madrid zu einen dreit\u00e4gigen Streik beginnen"},"content":{"rendered":"<p class=\"first\"> Madrid, 26 jun (EFE).-die erste der drei Tage Streik von der Mehrheit in der Gemeinschaft von Madrid Union der \u00c4rzte AMYTS am Dienstag in der Region mit zwei dreist\u00fcndigen Abschaltungen, eine am Morgen und eine weitere Verschiebung der Nachmittag startet edicted.<\/p>\n<p>The Madrid Gesundheit Dienst \u00c4rzte sind aufgerufen, um die Abschaltungen Tage 26, 27 und 28. Juni, zwischen 08:00 und 11:00 morgens und von 15:00 bis 18:00 Uhr w\u00e4hrend der drei Tage unterst\u00fctzen.<\/p>\n<p>Vor dem Ende jeder Schicht, werden zur Verf\u00fcgung gestellt f\u00fcr die Konzentrationen am Dienstag und Mittwoch gegen Zentren arbeiten, 10.45-11 Stunden am Morgen und von 1745 bis zu 18 Stunden am Nachmittag.<\/p>\n<p>Climax, ist einberufene Rallye der letzte Tag des Streiks am Donnerstag, am 09 auf dem Vorplatz der La Paz Krankenhaus.<\/p>\n<p>Strike, k\u00fcndigte den letzten 12 Tage durch die allgemeine Sekret\u00e4rin des Amyts, Julian Ezquerra, ist &#8220;die Reaktion dieser Gruppe auf die Erkl\u00e4rung des Krieges&#8221; der Landesregierung verabschiedet eine neue Ernte von 3,3 % \u00f6ffentlich Bedienstete, \u00c4rzte ablehnen, weil sie bereits &#8220;einen Lohn-Verlust von 25-30 % in den letzten f\u00fcnf Jahren&#8221; gelitten haben.<\/p>\n<p>La Madrid regionale Gesundheitsministerium und der Union haben vereinbart, die gleichen Mindestleistungen im Generalstreik am 29. M\u00e4rz, die in die gleiche Anzahl von medizinischen es dient an Sonn- und Feiertagen, ohne mehr als 35 % der Besch\u00e4ftigten in Krankenh\u00e4usern f\u00fcr diese drei Tage \u00fcbersetzt.<\/p>\n<p>Gesundheit Zentren mit vier oder mehr Haus\u00e4rzte werden gew\u00e4hrleistet zwei \u00c4rzte der Familie und ein Kinderarzt pro Schicht, w\u00e4hrend bei Kindern gibt es einen Hausarzt und Kinderarzt, austauschbarer durch einen anderen Hausarzt.<\/p>\n<p>In l\u00e4ndlichen Pflege (SAR) und support-Teams von h\u00e4uslicher Pflege (ESAD), ein Arzt in jeder.<\/p>\n<p>SUMMA 112, Notfall, Notfall und Centro-Coordinador Ger\u00e4te sorgen f\u00fcr das medizinische Personal nach Ihren eigenen &#8220;Planung&#8221; Arbeit f\u00fcr jeden Tag des Streiks geplant.<\/p>\n<p>In Krankenh\u00e4usern, wie im letzten Generalstreik, Verlegung mindestens Sondereinheiten wie Dialyse, Notfall, Reanimation Pflege Kritiker, operative R\u00e4ume, Tagesklinik, Onkologie, AIDS, Kinderheilkunde, palliative Pflege, Apotheke, diagnostische Bild, Labor, Transplantation, Strahlentherapie oder h\u00e4modynamischen.<\/p>\n<p>Amyts, mit rund 3.200 Mitgliedern, tagt den Streik allein, w\u00e4hrend der zweite Union der \u00c4rzte in der Gemeinschaft von Madrid, SIME, mit etwa 500 angegliedert und im sitzen-UP, F\u00f6derierte unterst\u00fctzt nicht den Anruf.<\/p>\n<p>The Union ist sichergestellt, dass seit dem Inkrafttreten am Januar 1 Erweiterung auf 37,5 Stunden pro Woche, und angesichts der geltenden &#8220;Beratung nur soll Descont\u00e1r sie aber will keine \u00c4rzte mehr Stunden arbeiten&#8221;, weil sie sich Rabatte von unterschiedlichen Konzepten die 3 %, betrug bewerben, sagte ein Sprecher f\u00fcr Amyts EfE.<\/p>\n","protected":false},"excerpt":{"rendered":"<p>Madrid, 26 jun (EFE).-die erste der drei Tage Streik von der Mehrheit in der Gemeinschaft von Madrid Union der \u00c4rzte AMYTS am Dienstag in der Region mit zwei dreist\u00fcndigen Abschaltungen, eine am Morgen und eine weitere Verschiebung der Nachmittag startet edicted. The Madrid Gesundheit Dienst \u00c4rzte sind aufgerufen, um die Abschaltungen Tage 26, 27 und [&hellip;]<\/p>\n","protected":false},"author":1,"featured_media":0,"comment_status":"close","ping_status":"open","sticky":false,"template":"","format":"standard","meta":{"footnotes":""},"categories":[3],"tags":[21135,21134],"class_list":["post-10299","post","type-post","status-publish","format-standard","hentry","category-allgemeine","tag-dreitgigen","tag-yeosu","et-doesnt-have-format-content","et_post_format-et-post-format-standard"],"_links":{"self":[{"href":"https:\/\/www.best-dentist-dentistry.com\/de\/wp-json\/wp\/v2\/posts\/10299","targetHints":{"allow":["GET"]}}],"collection":[{"href":"https:\/\/www.best-dentist-dentistry.com\/de\/wp-json\/wp\/v2\/posts"}],"about":[{"href":"https:\/\/www.best-dentist-dentistry.com\/de\/wp-json\/wp\/v2\/types\/post"}],"author":[{"embeddable":true,"href":"https:\/\/www.best-dentist-dentistry.com\/de\/wp-json\/wp\/v2\/users\/1"}],"replies":[{"embeddable":true,"href":"https:\/\/www.best-dentist-dentistry.com\/de\/wp-json\/wp\/v2\/comments?post=10299"}],"version-history":[{"count":0,"href":"https:\/\/www.best-dentist-dentistry.com\/de\/wp-json\/wp\/v2\/posts\/10299\/revisions"}],"wp:attachment":[{"href":"https:\/\/www.best-dentist-dentistry.com\/de\/wp-json\/wp\/v2\/media?parent=10299"}],"wp:term":[{"taxonomy":"category","embeddable":true,"href":"https:\/\/www.best-dentist-dentistry.com\/de\/wp-json\/wp\/v2\/categories?post=10299"},{"taxonomy":"post_tag","embeddable":true,"href":"https:\/\/www.best-dentist-dentistry.com\/de\/wp-json\/wp\/v2\/tags?post=10299"}],"curies":[{"name":"wp","href":"https:\/\/api.w.org\/{rel}","templated":true}]}}