{"id":10328,"date":"2012-07-16T02:22:24","date_gmt":"2012-07-16T02:22:24","guid":{"rendered":null},"modified":"-0001-11-30T00:00:00","modified_gmt":"-0001-11-30T00:00:00","slug":"pope-defends-that-you-ensure-for-all-a-appropriate-access-to-water","status":"publish","type":"post","link":"https:\/\/www.best-dentist-dentistry.com\/de\/pope-defends-that-you-ensure-for-all-a-appropriate-access-to-water\/10328","title":{"rendered":"pope defends that you ensure for all a appropriate access to water"},"content":{"rendered":"<p class=\"first\"> <span class=\"yshortcuts\" id=\"lw_1332076576_0\"> Vatikanstadt<\/span>, 18 M\u00e4r (<span class=\"yshortcuts\" id=\"lw_1332076576_1\"> EFE<\/span>).-<span class=\"yshortcuts\" id=\"lw_1332076576_2\"> Papst Benedikt XVI<\/span> verteidigte die Notwendigkeit, &#8220;f\u00fcr alle&#8221; garantieren eine &#8220;gerechte, sichere und ordnungsgem\u00e4\u00dfe <span class=\"yshortcuts\"id=\"lw_1332076576_3\"> Wasser<\/span> Zugang zu Tausenden von Gl\u00e4ubigen, die in zum Plaza de Scharen <span class=\"yshortcuts\"id=\"lw_1332076576_4\"> San Pedro<\/span> f\u00fcr den Sonntag Angelus Gebet.<\/p>\n<p>Der Papst erinnerte daran, dass Samstag geschlossen in Marseille (<span class=\"yshortcuts\" id=\"lw_1332076576_5\"> Frankreich<\/span>) VI <span class=\"yshortcuts\" id=\"lw_1332076576_6\"> World Forum<\/span> am <span class=\"yshortcuts\" id=\"lw_1332076576_7\"> Wasser<\/span> und am Donnerstag in der <span class=\"yshortcuts\" id=\"lw_1332076576_8\"> Welttag<\/span> des Wassers, stattfinden wird, die in diesem Jahr konzentriert sich auf die Beziehung dieser &#8220;wertvolle und begrenzte Ressource mit Ern\u00e4hrungssicherung&#8221;.<\/p>\n<p>Benedikt XVI. \u00e4u\u00dferte seinen Wunsch, die diese Initiativen beitragen, Gew\u00e4hrleistung &#8220;f\u00fcr alle&#8221; ein &#8220;fair&#8221; Zugang zu Wasser, und somit &#8220;das Recht auf Leben und auf die Ern\u00e4hrung der jedes menschliche Wesen und ein verantwortungsvoller und solidarische Einsatz aller G\u00fcter der Erde, zum Nutzen heutiger und k\u00fcnftiger Generationen&#8221; f\u00f6rdern.<\/p>\n<p>Der Papst auch darauf hingewiesen, die das Festival von San Jose und &#8220;from the Heart&#8221; Morgen ist dankte all jene, die eine Erinnerung f\u00fcr ihn in ihren gebeten, am Tag von seiner Onomastik haben wird.<\/p>\n<p>Auch gebeten, die Gl\u00e4ubigen zu beten f\u00fcr seine Apostolische Reise nach Mexiko und Kuba, die zwischen 23 und 28 March. stattfinden wird<\/p>\n<p>Auf der anderen Seite, der Theologe Papst, der daran erinnert, dass heute ist der vierte Sonntag im lieh, betonte, dass jeder mu\u00df gestehen S\u00fcnden selbst, so dass die Vergebung Gottes &#8220;in deinem Herzen und in eurem Leben&#8221; auswirken kann.<\/p>\n<p>&#8220;Manchmal Mann liebt mehr Finsternis als Licht, weil es ihre S\u00fcnden angef\u00fcgt ist, sondern nur dann, wenn es im Licht und aufrichtig \u00f6ffnet bekennen unsere eigene Schuld Sie Gott ist wahrer Friede und echte Freude&#8221;, sagte er. EFE<\/p>\n","protected":false},"excerpt":{"rendered":"<p>Vatikanstadt, 18 M\u00e4r ( EFE).- Papst Benedikt XVI verteidigte die Notwendigkeit, &#8220;f\u00fcr alle&#8221; garantieren eine &#8220;gerechte, sichere und ordnungsgem\u00e4\u00dfe Wasser Zugang zu Tausenden von Gl\u00e4ubigen, die in zum Plaza de Scharen San Pedro f\u00fcr den Sonntag Angelus Gebet. Der Papst erinnerte daran, dass Samstag geschlossen in Marseille ( Frankreich) VI World Forum am Wasser und [&hellip;]<\/p>\n","protected":false},"author":1,"featured_media":0,"comment_status":"close","ping_status":"open","sticky":false,"template":"","format":"standard","meta":{"footnotes":""},"categories":[3],"tags":[],"class_list":["post-10328","post","type-post","status-publish","format-standard","hentry","category-allgemeine","et-doesnt-have-format-content","et_post_format-et-post-format-standard"],"_links":{"self":[{"href":"https:\/\/www.best-dentist-dentistry.com\/de\/wp-json\/wp\/v2\/posts\/10328","targetHints":{"allow":["GET"]}}],"collection":[{"href":"https:\/\/www.best-dentist-dentistry.com\/de\/wp-json\/wp\/v2\/posts"}],"about":[{"href":"https:\/\/www.best-dentist-dentistry.com\/de\/wp-json\/wp\/v2\/types\/post"}],"author":[{"embeddable":true,"href":"https:\/\/www.best-dentist-dentistry.com\/de\/wp-json\/wp\/v2\/users\/1"}],"replies":[{"embeddable":true,"href":"https:\/\/www.best-dentist-dentistry.com\/de\/wp-json\/wp\/v2\/comments?post=10328"}],"version-history":[{"count":0,"href":"https:\/\/www.best-dentist-dentistry.com\/de\/wp-json\/wp\/v2\/posts\/10328\/revisions"}],"wp:attachment":[{"href":"https:\/\/www.best-dentist-dentistry.com\/de\/wp-json\/wp\/v2\/media?parent=10328"}],"wp:term":[{"taxonomy":"category","embeddable":true,"href":"https:\/\/www.best-dentist-dentistry.com\/de\/wp-json\/wp\/v2\/categories?post=10328"},{"taxonomy":"post_tag","embeddable":true,"href":"https:\/\/www.best-dentist-dentistry.com\/de\/wp-json\/wp\/v2\/tags?post=10328"}],"curies":[{"name":"wp","href":"https:\/\/api.w.org\/{rel}","templated":true}]}}