{"id":10715,"date":"2012-07-22T02:50:35","date_gmt":"2012-07-22T02:50:35","guid":{"rendered":null},"modified":"-0001-11-30T00:00:00","modified_gmt":"-0001-11-30T00:00:00","slug":"passos-coelho-wishes-a-speedy-recovery-to-the-colombian-vice-president","status":"publish","type":"post","link":"https:\/\/www.best-dentist-dentistry.com\/de\/passos-coelho-wishes-a-speedy-recovery-to-the-colombian-vice-president\/10715","title":{"rendered":"passos coelho wishes a speedy recovery to the colombian vice president"},"content":{"rendered":"<p class=\"first\"> Bogota, 22 jun (EFE).-der Premierminister von Portugal, Pedro Passos Coelho, der offiziellen Besuch in Kolumbien ist, w\u00fcnschte ihm heute eine rasche Erholung auf kolumbianische Vizepr\u00e4sident Angelino Garz\u00f3n, Leiden eine zerebrale Isch\u00e4mie (Reduktion der Hirndurchblutung).<\/p>\n<p>Passos &#8220;In dieser sehr schwierigen und heiklen Phase seines Lebens w\u00fcnschen Ihnen eine schnelle Genesung&#8221;, sagte auf einer Pressekonferenz, die zusammen mit der kolumbianischen Pr\u00e4sidenten Juan Manuel Santos, in der Casa de Nari\u00f1o, Executive Sitz angeboten.<\/p>\n<p>Passsos Coelho, die sich am Samstag in Kolumbien, von wo es nach Lissabon, Reisen wird seinen Wunsch, &#8220;gute Besserung&#8221; an die Familie von Garz\u00f3n, seit letzter Woche in der K\u00f6nigin-Sofia-Klinik von Bogot\u00e1 im Krankenhaus erweitern.<\/p>\n<p>Die Einrichtung sagte heute, dass der Gesundheitszustand des kolumbianischen Vizepr\u00e4sidenten &#8220;kein Neuheit&#8221;.<\/p>\n<p>Garz\u00f3n, 65, ist gepflegt, seit Donnerstag in Ruhe Zustand Gehirn, nach Entscheidung der \u00c4rzteschaft zur\u00fcck dient.<\/p>\n<p>The Vice President eingetragen am 14. Juni eine Prostata-Infektion leiden, aber der Strich wurde nach ein paar Tagen in der Klinik vorgestellt. EFE<\/p>\n","protected":false},"excerpt":{"rendered":"<p>Bogota, 22 jun (EFE).-der Premierminister von Portugal, Pedro Passos Coelho, der offiziellen Besuch in Kolumbien ist, w\u00fcnschte ihm heute eine rasche Erholung auf kolumbianische Vizepr\u00e4sident Angelino Garz\u00f3n, Leiden eine zerebrale Isch\u00e4mie (Reduktion der Hirndurchblutung). Passos &#8220;In dieser sehr schwierigen und heiklen Phase seines Lebens w\u00fcnschen Ihnen eine schnelle Genesung&#8221;, sagte auf einer Pressekonferenz, die zusammen [&hellip;]<\/p>\n","protected":false},"author":1,"featured_media":0,"comment_status":"close","ping_status":"open","sticky":false,"template":"","format":"standard","meta":{"footnotes":""},"categories":[3],"tags":[],"class_list":["post-10715","post","type-post","status-publish","format-standard","hentry","category-allgemeine","et-doesnt-have-format-content","et_post_format-et-post-format-standard"],"_links":{"self":[{"href":"https:\/\/www.best-dentist-dentistry.com\/de\/wp-json\/wp\/v2\/posts\/10715","targetHints":{"allow":["GET"]}}],"collection":[{"href":"https:\/\/www.best-dentist-dentistry.com\/de\/wp-json\/wp\/v2\/posts"}],"about":[{"href":"https:\/\/www.best-dentist-dentistry.com\/de\/wp-json\/wp\/v2\/types\/post"}],"author":[{"embeddable":true,"href":"https:\/\/www.best-dentist-dentistry.com\/de\/wp-json\/wp\/v2\/users\/1"}],"replies":[{"embeddable":true,"href":"https:\/\/www.best-dentist-dentistry.com\/de\/wp-json\/wp\/v2\/comments?post=10715"}],"version-history":[{"count":0,"href":"https:\/\/www.best-dentist-dentistry.com\/de\/wp-json\/wp\/v2\/posts\/10715\/revisions"}],"wp:attachment":[{"href":"https:\/\/www.best-dentist-dentistry.com\/de\/wp-json\/wp\/v2\/media?parent=10715"}],"wp:term":[{"taxonomy":"category","embeddable":true,"href":"https:\/\/www.best-dentist-dentistry.com\/de\/wp-json\/wp\/v2\/categories?post=10715"},{"taxonomy":"post_tag","embeddable":true,"href":"https:\/\/www.best-dentist-dentistry.com\/de\/wp-json\/wp\/v2\/tags?post=10715"}],"curies":[{"name":"wp","href":"https:\/\/api.w.org\/{rel}","templated":true}]}}