{"id":10731,"date":"2012-07-22T02:53:47","date_gmt":"2012-07-22T02:53:47","guid":{"rendered":null},"modified":"-0001-11-30T00:00:00","modified_gmt":"-0001-11-30T00:00:00","slug":"culture-in-a-manifesto-rejects-cuts-in-health-and-education","status":"publish","type":"post","link":"https:\/\/www.best-dentist-dentistry.com\/de\/culture-in-a-manifesto-rejects-cuts-in-health-and-education\/10731","title":{"rendered":"culture in a manifesto rejects cuts in health and education"},"content":{"rendered":"<p class=\"first\"> Madrid, 30 jun (EFE).-Vertreter der Welt der Kultur, Luis Garc\u00eda Montero, Almudena Grandes, Miguel R\u00edos, Jos\u00e9 Sacrist\u00e1n, Joaqu\u00edn Sabina oder Pilar Bardem, unterzeichneten ein Manifest zur Verteidigung der \u00f6ffentlichen Bildung und Gesundheitsversorgung, Ablehnung der von der Regierung durchgef\u00fchrten K\u00fcrzungen.<\/p>\n<p>In das Manifest, gelesen von den Spielern Gloria Munoz und Pedro Miguel Mart\u00ednez, ausgedr\u00fcckt, seine &#8220;Sorge und entschiedener Ablehnung der drastischen K\u00fcrzungen, die die Regierung Durchf\u00fchrung ist der \u00f6ffentlichen Bildung und Gesundheit unter dem Vorwand der Krise&#8221;.<\/p>\n<p>Diese beiden Bereiche sind die Unterzeichner des Manifests &#8220;unverzichtbare Eroberung&#8221; Demokratie, ohne die kaum sprechen konnte, der sozialen Gerechtigkeit, und noch weniger Chancengleichheit.<\/p>\n<p>In diesem Sinne glauben, dass Bildung eine &#8220;grundlegende S\u00e4ule f\u00fcr das pers\u00f6nliche Wachstum des einzelnen&#8221; und Gesundheit eine &#8220;Garantie des Respekts f\u00fcr das unver\u00e4u\u00dferliche Recht ist, dass jeder B\u00fcrger eine anst\u00e4ndige medizinische Versorgung hat&#8221;.<\/p>\n<p>Manifest erstellen Sie das Modell, das auferlegen von die Regierung, die &#8220;eher erstellen Gettos und vertieft die Kluft der wirtschaftlichen und sozialen Ungleichheiten&#8221; will besorgniserregend.<\/p>\n<p>Obwohl die K\u00fcrzungen als unerw\u00fcnscht aber unvermeidliche Konsequenz vorgenommen wurden, Manifest der Auffassung, dass all dies in &#8220;the Politics of Subtraktion von Ressourcen an und der Volksgesundheit zugunsten der Bildung Privada-Concertada&#8221; ist.<\/p>\n<p>Im Verlauf der Veranstaltung, unter der Regie des Professors von sekund\u00e4ren Miguel \u00c1ngel S\u00e1nchez, der Dichter Luis Garc\u00eda Montero und der Sprecher des Verbandes der Vereine f\u00fcr die Verteidigung der \u00f6ffentlichen Gesundheit und Leiter der Abteilung f\u00fcr Kinderheilkunde des Kindes Jesus Krankenhauses in Madrid, Marciano S\u00e1nchez Bayle, \u00dcberf\u00fcllung der Klassenr\u00e4ume, die die Schnitte verursachen prangerte.<\/p>\n<p>Haben auch kritisiert die \u00dcberladung der Stunden f\u00fcr Lehrer, die Abdeckung der Opfer der Fakult\u00e4t nach zehn Tagen, die Verringerung der amtierenden Lehrer oder die M\u00f6glichkeit des privatisierten \u00f6ffentlichen Universit\u00e4ten lehren Dienstleistungen sein.<\/p>\n<p>Daher das Manifest erinnert an das Recht eines jeden B\u00fcrgers, eine anst\u00e4ndige, qualitativ hochwertigen Gesundheitsversorgung und Bildung erhalten und betonte, dass bei die Forschung, Entwicklung und Innovation ist nicht macht, &#8220;Wille ist die Zukunft des Landes Papierkorb Einleitung&#8221;.<\/p>\n<p>Neben den Vertretern der Welt der Kultur, wurde von Angeh\u00f6rigen der Welt der Politik als Gaspar Llamazares, Trinidad Jim\u00e9nez, der Anwalt Cristina Almeida, der General der Excoordinador IU Julio Anguita und zahlreiche Arbeiter des Systems, Gesundheit und Bildung das Manifest unterzeichnet.<\/p>\n","protected":false},"excerpt":{"rendered":"<p>Madrid, 30 jun (EFE).-Vertreter der Welt der Kultur, Luis Garc\u00eda Montero, Almudena Grandes, Miguel R\u00edos, Jos\u00e9 Sacrist\u00e1n, Joaqu\u00edn Sabina oder Pilar Bardem, unterzeichneten ein Manifest zur Verteidigung der \u00f6ffentlichen Bildung und Gesundheitsversorgung, Ablehnung der von der Regierung durchgef\u00fchrten K\u00fcrzungen. In das Manifest, gelesen von den Spielern Gloria Munoz und Pedro Miguel Mart\u00ednez, ausgedr\u00fcckt, seine &#8220;Sorge [&hellip;]<\/p>\n","protected":false},"author":1,"featured_media":0,"comment_status":"close","ping_status":"open","sticky":false,"template":"","format":"standard","meta":{"footnotes":""},"categories":[3],"tags":[],"class_list":["post-10731","post","type-post","status-publish","format-standard","hentry","category-allgemeine","et-doesnt-have-format-content","et_post_format-et-post-format-standard"],"_links":{"self":[{"href":"https:\/\/www.best-dentist-dentistry.com\/de\/wp-json\/wp\/v2\/posts\/10731","targetHints":{"allow":["GET"]}}],"collection":[{"href":"https:\/\/www.best-dentist-dentistry.com\/de\/wp-json\/wp\/v2\/posts"}],"about":[{"href":"https:\/\/www.best-dentist-dentistry.com\/de\/wp-json\/wp\/v2\/types\/post"}],"author":[{"embeddable":true,"href":"https:\/\/www.best-dentist-dentistry.com\/de\/wp-json\/wp\/v2\/users\/1"}],"replies":[{"embeddable":true,"href":"https:\/\/www.best-dentist-dentistry.com\/de\/wp-json\/wp\/v2\/comments?post=10731"}],"version-history":[{"count":0,"href":"https:\/\/www.best-dentist-dentistry.com\/de\/wp-json\/wp\/v2\/posts\/10731\/revisions"}],"wp:attachment":[{"href":"https:\/\/www.best-dentist-dentistry.com\/de\/wp-json\/wp\/v2\/media?parent=10731"}],"wp:term":[{"taxonomy":"category","embeddable":true,"href":"https:\/\/www.best-dentist-dentistry.com\/de\/wp-json\/wp\/v2\/categories?post=10731"},{"taxonomy":"post_tag","embeddable":true,"href":"https:\/\/www.best-dentist-dentistry.com\/de\/wp-json\/wp\/v2\/tags?post=10731"}],"curies":[{"name":"wp","href":"https:\/\/api.w.org\/{rel}","templated":true}]}}