{"id":10876,"date":"2012-07-24T02:20:26","date_gmt":"2012-07-24T02:20:26","guid":{"rendered":null},"modified":"-0001-11-30T00:00:00","modified_gmt":"-0001-11-30T00:00:00","slug":"the-center-for-diagnosis-and-early-intervention-receive-350000-euros-for-children-under-3-years","status":"publish","type":"post","link":"https:\/\/www.best-dentist-dentistry.com\/de\/the-center-for-diagnosis-and-early-intervention-receive-350000-euros-for-children-under-3-years\/10876","title":{"rendered":"the center for diagnosis and early intervention receive 350000 euros for children under 3 years"},"content":{"rendered":"<p class=\"first\"> <span class=\"yshortcuts\" id=\"lw_1331645791_0\"> VALENCIA<\/span>, 13 (<span class=\"yshortcuts\" id=\"lw_1331645791_1\"> EUROPA PRESS<\/span>)<\/p>\n<p>Der Minister f\u00fcr Justiz und <span class=\"yshortcuts\" id=\"lw_1331645791_2\"> Soziales<\/span>, <span class=\"yshortcuts\" id=\"lw_1331645791_3\"> Jorge Cabr\u00e9<\/span>, unterzeichnet Dienstag mit dem Rektor der <span class=\"yshortcuts\" id=\"lw_1331645791_4\"> Universit\u00e4t Valencia<\/span>, <span class=\"yshortcuts\" id=\"lw_1331645791_5\"> Esteban<\/span> <span class=\"yshortcuts\" id=\"lw_1331645791_6\"> Morcillo<\/span>, <span class=\"yshortcuts\" id=\"lw_1331645791_7\"> die Konvention<\/span> der Wartung der <span class=\"yshortcuts\" id=\"lw_1331645791_8\"> Universitari<\/span> de Diagnose Zentrum i Aten Primerenca-CUDAT, von denen die Generalitat Valenciana 349.991 Euro in diesem Jahr bestimmt diese Anlaufstelle f\u00fcr und prophylaktische Behandlung von Kindern unter 3 Jahren mit den Problemen der Entwicklung oder der Gefahr eines Leiden zur\u00fcck.<\/p>\n<p>Dieses Zentrum, das 2006 als Ergebnis der Zusammenarbeit zwischen dem Department of Justice und Sozialhilfe und der Universit\u00e4t von Valencia gegr\u00fcndet wurde, hat derzeit mehr als 100 Kinder. Der Summe der Sitze, die Generalit\u00c3 \u00a4 T hat konzertierte 70.<\/p>\n<p>Der Direktor des Zentrums, Francisco Alcantud, erkl\u00e4rte, dass dieses Zentrum Kinder mit allen m\u00f6glichen Krankheiten behandelt. Eine erste Gruppe mit Kindern mit Erkrankungen der gute Evolution, als Kinder mit geringem Gewicht bei der Geburt, w\u00e4hrend die zweite Gruppe, die am h\u00e4ufigsten vorkommenden, bestehend aus Kindern mit Autismus, und sie sind bis zu 4 Jahre, wenn sie zur Bildung entstehen. <\/p>\n<p>Pflege auf eine ambulante, die Bed\u00fcrfnisse von Kindern, die St\u00f6rungen in ihrer Entwicklung oder sind auf Gefahr des Leidens aus einer ganzheitlichen Sicht, unter Ber\u00fccksichtigung Bio-Psycho-sozialen Aspekte um seine Kapazit\u00e4t zu steigern, f\u00fcr Entwicklung und Wohlstand erm\u00f6glicht deren Integration in Familie, Schule und Soziales Umfeld, sowie ihre pers\u00f6nliche Autonomie zu zentrieren.<\/p>\n<p>Hat In diesem Zusammenhang erkl\u00e4rt, dass wenn eine Familie erz\u00e4hlt wird, dass das Kind die Krankheit hat &#8220;einen erheblichen emotionalen Schock&#8221;, die &#8220;viele Male Desestructura Koexistenz&#8221; sogar leidet. Aus diesem Grund umfasst moderne Behandlung im Fr\u00fchstadium auch famili\u00e4re Betreuung.   <\/p>\n<p>Die CUDAP Aktivit\u00e4ten sind f\u00fcnf Kern-Programme, die Physiotherapie, Sprachtherapie, kognitive Entwicklung, Unterst\u00fctzung und Familien Beratung und Sensibilisierung f\u00fcr die Umwelt des Kindes einschlie\u00dfen orchestriert. Auch verschiedene Zimmer f\u00fcr Interventionen mit dem Kind und seiner Familie (Beratung, Psychologen, Mediziner, etc.), Halle der Physiotherapie, Mehrzweckraum f\u00fcr die Entwicklung des Individuums und Gruppenaktivit\u00e4ten, und Stimulierung neurokognitiven und sensorische Integration-Zimmer. <\/p>\n<p>F\u00fcr seinen Teil, hat der Minister Jorge Cabr\u00e9 erinnert an &#8220;die Bedeutung der Fr\u00fcherkennung von einige St\u00f6rungen in der Entwicklung der Kinder, die eine deutliche Verbesserung ihrer Lebensqualit\u00e4t darstellt&#8221;, und sagte, dass &#8220;durch Behandlung im Fr\u00fchstadium Zentren eine richtige Reife in allen Bereichen gegeben werden&#8221;.<\/p>\n<p>1.800 Pl\u00e4tzen in der Gemeinschaft<\/p>\n<p>Derzeit die Autonome Gemeinschaft Valencia hat 31 fr\u00fche Interventionsorte f\u00fcr Pflege oder vorbeugenden Behandlung von Kindern mit Problemen der Entwicklung oder Risiko f\u00fcr sie, die angebotenen insgesamt 1.800 Betten f\u00fcr Kinder von 0 bis 3 Jahre, so dass Sie t\u00e4glich mehr als 4.000 Kinder versorgen.<\/p>\n<p>Diese Zentren abh\u00e4ngige Einrichtungen ohne Geist der Gewinn als der Asindown-Stiftung und dem valencianischen Verband der Hilfe zur Zerebralparese (AVAPACE) oder Stadtr\u00e4te wie X\u00e0tiva, Orihuela, unter anderen. Im Jahr 2012, das Justizministerium und Sozialhilfe sieht 6,10 Millionen Euro in Form von Zusch\u00fcssen zu diesen Zentren.<\/p>\n<p>&#8220;Trotz der Wirtschaftskrise die Regierung nicht hat verminderte Haushalt zu den am meisten gef\u00e4hrdeten Gruppen, und in einigen F\u00e4llen stieg sie wie zum Beispiel f\u00fcr Menschen mit Behinderungen, die in dieser \u00dcbung um 6,40 Millionen Euro mehr als im Jahr 2011 erh\u00f6ht&#8221;, hat hervorgehoben.<\/p>\n<p>Ihrerseits der Rektor der Universit\u00e4t, Stephen Morcillo, hat die Lehre und Forschung der CUDAT Arbeit und hat auch hervorgehoben, dass in modernen Gesellschaften m\u00fcssen &#8220;Sensibilit\u00e4t gegen\u00fcber den meisten benachteiligte zeigen&#8221; und &#8220;alles tun um sie in die Gesellschaft zu integrieren&#8221;,.<\/p>\n","protected":false},"excerpt":{"rendered":"<p>VALENCIA, 13 ( EUROPA PRESS) Der Minister f\u00fcr Justiz und Soziales, Jorge Cabr\u00e9, unterzeichnet Dienstag mit dem Rektor der Universit\u00e4t Valencia, Esteban Morcillo, die Konvention der Wartung der Universitari de Diagnose Zentrum i Aten Primerenca-CUDAT, von denen die Generalitat Valenciana 349.991 Euro in diesem Jahr bestimmt diese Anlaufstelle f\u00fcr und prophylaktische Behandlung von Kindern unter [&hellip;]<\/p>\n","protected":false},"author":1,"featured_media":0,"comment_status":"close","ping_status":"open","sticky":false,"template":"","format":"standard","meta":{"footnotes":""},"categories":[3],"tags":[21761],"class_list":["post-10876","post","type-post","status-publish","format-standard","hentry","category-allgemeine","tag-partnerw","et-doesnt-have-format-content","et_post_format-et-post-format-standard"],"_links":{"self":[{"href":"https:\/\/www.best-dentist-dentistry.com\/de\/wp-json\/wp\/v2\/posts\/10876","targetHints":{"allow":["GET"]}}],"collection":[{"href":"https:\/\/www.best-dentist-dentistry.com\/de\/wp-json\/wp\/v2\/posts"}],"about":[{"href":"https:\/\/www.best-dentist-dentistry.com\/de\/wp-json\/wp\/v2\/types\/post"}],"author":[{"embeddable":true,"href":"https:\/\/www.best-dentist-dentistry.com\/de\/wp-json\/wp\/v2\/users\/1"}],"replies":[{"embeddable":true,"href":"https:\/\/www.best-dentist-dentistry.com\/de\/wp-json\/wp\/v2\/comments?post=10876"}],"version-history":[{"count":0,"href":"https:\/\/www.best-dentist-dentistry.com\/de\/wp-json\/wp\/v2\/posts\/10876\/revisions"}],"wp:attachment":[{"href":"https:\/\/www.best-dentist-dentistry.com\/de\/wp-json\/wp\/v2\/media?parent=10876"}],"wp:term":[{"taxonomy":"category","embeddable":true,"href":"https:\/\/www.best-dentist-dentistry.com\/de\/wp-json\/wp\/v2\/categories?post=10876"},{"taxonomy":"post_tag","embeddable":true,"href":"https:\/\/www.best-dentist-dentistry.com\/de\/wp-json\/wp\/v2\/tags?post=10876"}],"curies":[{"name":"wp","href":"https:\/\/api.w.org\/{rel}","templated":true}]}}