{"id":10893,"date":"2012-07-24T02:25:08","date_gmt":"2012-07-24T02:25:08","guid":{"rendered":null},"modified":"-0001-11-30T00:00:00","modified_gmt":"-0001-11-30T00:00:00","slug":"pope-seeks-to-deepen-faith-and-changes-in-socialist-cuba","status":"publish","type":"post","link":"https:\/\/www.best-dentist-dentistry.com\/de\/pope-seeks-to-deepen-faith-and-changes-in-socialist-cuba\/10893","title":{"rendered":"pope seeks to deepen faith and changes in socialist cuba"},"content":{"rendered":"<p class=\"first\"> SANTIAGO DE CUBA (Reuters) &#8211; Papst Benedikt XVI kommen am Montag nach Kuba f\u00fcr einen Besuch von drei Tagen, die mit Pr\u00e4sident Raul Castro zur St\u00e4rkung der Verbindungen zwischen den beiden Institutionen, die in dem Land, trotz seiner Ansichten, die sich gegen das sozialistische Modell auf der Insel f\u00fcr mehr als f\u00fcnf Jahrzehnten bestehenden einflussreichsten treffen wird.<\/p>\n<p>Zehntausende Kubaner sind in Santiago De Cuba, bietet einen jubelnden Empfang zu den deutschen Pontifex, wer eine kleine Tour der Region zur Wiederbelebung des katholischen Glaubens gegen die wachsende popul\u00e4re evangelisch, eingeschlagen wie push-Evangelisten und Pfingstler Glaubensrichtungen in ihren 84 Jahren immatrikuliert.<\/p>\n<p>Die historische Begegnung zwischen Papst Johannes Paul II und ehemaliger Pr\u00e4sident Fidel Castro in 1998, ist der katholischen Kirche die Hauptgespr\u00e4chspartner der Regierung zu Fragen als empfindlich als politische Gefangene und Dissidenten-Gruppen geworden.<\/p>\n<p>Zwar mit weniger magnetische Medien, die ihre jeweiligen Vorg\u00e4nger, Ra\u00fal Castro und Papst Benedikt XVI. als pragmatischer F\u00fchrer gesehen und das treffen k\u00f6nnte Zement ein Schl\u00fcssel Alliance Wenn Havanna Unterst\u00fctzung die Wirtschaft sucht ohne Verzicht auf seine sozialistischen Ideologie und der Kirche zu aktualisieren versucht ein gr\u00f6\u00dferes soziales Gewicht durch soziale und p\u00e4dagogische Programme haben.<\/p>\n<p>&#8220;der Besuch von Benedikt etwas transzendentalen,&#8221; sagte Veronica Sanchez, mexikanischer Student konnte Ereignisse in ihrem Land nicht teilnehmen, aber wer sp\u00fcrt in Kuba den Aufenthalt der Papst. &#8220;, Johannes Paul II. war wirklich ein sehr charismatischer und beliebte Papst, obwohl ich nicht Vergleiche gerne&#8221;, f\u00fcgte er hinzu.<\/p>\n<p>Der Heilige Vater wird durch den Pr\u00e4sidenten am Flughafen in Santiago de Chile empfangen werden, nach Abschluss ein Besuch in dem er fragte erneuern den Glauben trotz der dramatischen Gewalt des Drogenhandels, aber er vermied, Eingabe in strittigen F\u00e4llen von P\u00e4dophilie in das zweite Land mit mehr Katholiken in der Welt in Mexiko.<\/p>\n<p>Apertrechados mit Flaschen Wasser an die Karibik dr\u00fcckende Hitze und winken kleine Flaggen von Kuba und dem Vatikan zu unterdr\u00fccken, einige 200.000 Menschen besuchen am Nachmittag Masse, die der Pontifex in die zweitgr\u00f6\u00dfte Stadt auf der Insel dienen wird.<\/p>\n<p>F\u00fcr Dienstag, der Papst wird zollen der Virgen De La Caridad in das nahe gelegene Heiligtum von El Cobre, wo ruht das mythische Bild des kubanischen Schutzheiligen, die 400 Jahre seiner Entdeckung von Fischern auf See feiert. Am Nachmittag fliegen nach Havanna formell Treffen mit Raul.<\/p>\n<p>Es ist unklar, ob Benedict auch mit Fidel, 85 Jahre, oder mit dem venezolanischen Pr\u00e4sidenten Hugo Ch\u00e1vez, erf\u00fcllen w\u00fcrde, ist in Kuba in der Strahlentherapie zur Bek\u00e4mpfung von Krebs, die letztes Jahr diagnostiziert wurde.<\/p>\n<p>Kein Kommunismus, kein EMBARGO<\/p>\n<p>Den Besuch von Papst Benedikt XVI. zu kr\u00f6nen einen s\u00fc\u00dfen Moment zwischen der Kirche und der Regierung, der Jahrzehnte der Feindseligkeiten nach dem Triumph der Revolution 1959 lebte, obwohl es von einer vorderen Anweisung gegen den Kommunismus vorangestellt wird.<\/p>\n<p>&#8220;die marxistische Ideologie in der Form, in dem es, bereits konzipiert wurde, Realit\u00e4t entspricht nicht&#8221;, sagte die Woche an Bord der P\u00e4pstlichen Maschine auf dem Weg zur &#8220;m\u00fcssen Lateinamerika. neue Modelle geduldig und konstruktiv gefunden werden.&#8221;, hinzugef\u00fcgt den Papst, die besagt, dass die Kirche auf diese Weise helfen kann.<\/p>\n<p>Die Regierung treibt Hunderte von Reformen zu geben mehr Raum f\u00fcr die Privatwirtschaft und erheblich erleichtern die pralle State-Abrechnung, die Erwartungen und \u00c4ngste im Land der 11 Millionen Einwohner, daran gew\u00f6hnt, jahrzehntelange sowjetischem wirtschaftlichen Zentralismus erzeugt hat.<\/p>\n<p>&#8220;Die Kubaner m\u00f6chte, dass der Besuch des Papstes hatte Auswirkungen auf die Blockade zu beenden, aber wir brauchen kein neues System,&#8221; sagte Sergio Teyes, ein Mann von 40 Jahren in der N\u00e4he von seinem Chevrolet Deluxe 1950 in dem oft Touristen f\u00fchrt durch die Stadt bummeln.<\/p>\n<p>Trotz Kritik des Kommunismus lehnt der Vatikan auch offen das Embargo der USA gegen Kuba 50 Jahren eingef\u00fchrt wurde.<\/p>\n<p>Andererseits, Benedikt XVI. haben auf ihrer Tagesordnung erh\u00e4lt keine Dissidenten F\u00fchrer, die eine Minute mit dem Papst zu fordern, mehr politische Freiheit und Menschenrechte gesucht hatten.<\/p>\n<p>Las Damas de Blanco, eine Gruppe von katholischen Frauen fordern die Freilassung von politischen Gefangenen, sagte, dass die Beh\u00f6rden dem Heiligen Vater ein Kuba zeigen &#8220;die existiert nicht&#8221;, und stellen Sie sicher, dass sie ihnen manifestiert sich verboten haben w\u00e4hrend der Messe den Pontifex.<\/p>\n<p>&#8220;Ich wartete auf mehrere Kameraden in das Zentrum von Santiago, aber sie kamen nie.&#8221; &#8220;Offenbar verhaftet, um den Protest zu vereiteln, die wir f\u00fcr den Besuch des Papstes hier geplant hatten&#8221;, sagte Aimee Garc\u00e9s, ein Dissident in Santiago, dessen Beschwerde nicht durch andere Quellen best\u00e4tigt werden konnte.<\/p>\n<p>Nails 30 Frauen in dieser Gruppe sagte Sonntag, als jede Woche f\u00fcr acht Jahre, in einem ber\u00fchmten Avenue von Havanna in der Mitte ein gro\u00dfes Medienecho, dann ist das die Verhaftung letzte Woche von mehreren von Ihnen verschlechterte \u00c4ngste der Konflikt w\u00e4hrend der P\u00e4pstlichen Besuch.<\/p>\n<p>(Editiert von Enrique Andr\u00e9s Brezel und Silene Ram\u00edrez)<\/p>\n","protected":false},"excerpt":{"rendered":"<p>SANTIAGO DE CUBA (Reuters) &#8211; Papst Benedikt XVI kommen am Montag nach Kuba f\u00fcr einen Besuch von drei Tagen, die mit Pr\u00e4sident Raul Castro zur St\u00e4rkung der Verbindungen zwischen den beiden Institutionen, die in dem Land, trotz seiner Ansichten, die sich gegen das sozialistische Modell auf der Insel f\u00fcr mehr als f\u00fcnf Jahrzehnten bestehenden einflussreichsten [&hellip;]<\/p>\n","protected":false},"author":1,"featured_media":0,"comment_status":"close","ping_status":"open","sticky":false,"template":"","format":"standard","meta":{"footnotes":""},"categories":[3],"tags":[],"class_list":["post-10893","post","type-post","status-publish","format-standard","hentry","category-allgemeine","et-doesnt-have-format-content","et_post_format-et-post-format-standard"],"_links":{"self":[{"href":"https:\/\/www.best-dentist-dentistry.com\/de\/wp-json\/wp\/v2\/posts\/10893","targetHints":{"allow":["GET"]}}],"collection":[{"href":"https:\/\/www.best-dentist-dentistry.com\/de\/wp-json\/wp\/v2\/posts"}],"about":[{"href":"https:\/\/www.best-dentist-dentistry.com\/de\/wp-json\/wp\/v2\/types\/post"}],"author":[{"embeddable":true,"href":"https:\/\/www.best-dentist-dentistry.com\/de\/wp-json\/wp\/v2\/users\/1"}],"replies":[{"embeddable":true,"href":"https:\/\/www.best-dentist-dentistry.com\/de\/wp-json\/wp\/v2\/comments?post=10893"}],"version-history":[{"count":0,"href":"https:\/\/www.best-dentist-dentistry.com\/de\/wp-json\/wp\/v2\/posts\/10893\/revisions"}],"wp:attachment":[{"href":"https:\/\/www.best-dentist-dentistry.com\/de\/wp-json\/wp\/v2\/media?parent=10893"}],"wp:term":[{"taxonomy":"category","embeddable":true,"href":"https:\/\/www.best-dentist-dentistry.com\/de\/wp-json\/wp\/v2\/categories?post=10893"},{"taxonomy":"post_tag","embeddable":true,"href":"https:\/\/www.best-dentist-dentistry.com\/de\/wp-json\/wp\/v2\/tags?post=10893"}],"curies":[{"name":"wp","href":"https:\/\/api.w.org\/{rel}","templated":true}]}}