{"id":10897,"date":"2012-07-24T02:31:26","date_gmt":"2012-07-24T02:31:26","guid":{"rendered":null},"modified":"-0001-11-30T00:00:00","modified_gmt":"-0001-11-30T00:00:00","slug":"sanz-stresses-that-there-are-no-health-copay-in-and-say-they-are-satisfied-with-the-pge-investment","status":"publish","type":"post","link":"https:\/\/www.best-dentist-dentistry.com\/de\/sanz-stresses-that-there-are-no-health-copay-in-and-say-they-are-satisfied-with-the-pge-investment\/10897","title":{"rendered":"sanz stresses that there are no health copay in and say they are satisfied with the pge investment"},"content":{"rendered":"<p class=\"first\"> LOGRO\u00d1O, 12 (EUROPA PRESS)<\/p>\n<p>Der Pr\u00e4sident der Regierung von La Rioja, Pedro Sanz, hat darauf bestanden, heute Nachmittag im vollen Rioja Parlament, in La Rioja, wo gibt es keine &#8220;health care Selbstbeteiligung&#8221;. Sagte auch, &#8220;zufrieden&#8221; mit den allgemeinen Budgets des Staates 2012 f\u00fcr die Region zeigen, weil &#8220;Investitionen Projekte und neue Projekte Qualit\u00e4t generieren&#8221;.<\/p>\n<p>Den Kopf des La Rioja Executive reagierte auf diese Weise zu zwei Fragen, die von der Sozialistischen Fraktion. Die erste von ihnen, die von der Stellvertreter der PSOE, Jos\u00e9 Angel Lacalzada, soll die Bewertung durch die Regierung des Generals des Staatshaushaltes auf der Ebene der Autonomen Gemeinschaft La Rioja Rioja zu erf\u00fcllen; und die zweite, ausgel\u00f6st durch den parlamentarischen Pablo Rubio, wollte die Auswirkungen kennen, die in La Rioja &#8220;Reformpaket&#8221; k\u00fcndigte die Regierung der Nation in der Bildung und des Gesundheitsschutzes der Autonomen Gemeinschaft La Rioja w\u00e4re.<\/p>\n<p>Im letzteren Fall hat die Sanz daf\u00fcr gesorgt, dass &#8220;Ma\u00dfnahmen nicht den Verlust der Lieferung qualitativ hochwertiger Dienstleistungen in La Rioja auswirkt&#8221;, wobei in der Weigerung, &#8220;health care Selbstbeteiligung&#8221;, sowie, dass &#8220;Es werden kein Tropfen auf die Qualit\u00e4t der Ausbildung&#8221;.<\/p>\n","protected":false},"excerpt":{"rendered":"<p>LOGRO\u00d1O, 12 (EUROPA PRESS) Der Pr\u00e4sident der Regierung von La Rioja, Pedro Sanz, hat darauf bestanden, heute Nachmittag im vollen Rioja Parlament, in La Rioja, wo gibt es keine &#8220;health care Selbstbeteiligung&#8221;. Sagte auch, &#8220;zufrieden&#8221; mit den allgemeinen Budgets des Staates 2012 f\u00fcr die Region zeigen, weil &#8220;Investitionen Projekte und neue Projekte Qualit\u00e4t generieren&#8221;. Den [&hellip;]<\/p>\n","protected":false},"author":1,"featured_media":0,"comment_status":"close","ping_status":"open","sticky":false,"template":"","format":"standard","meta":{"footnotes":""},"categories":[3],"tags":[],"class_list":["post-10897","post","type-post","status-publish","format-standard","hentry","category-allgemeine","et-doesnt-have-format-content","et_post_format-et-post-format-standard"],"_links":{"self":[{"href":"https:\/\/www.best-dentist-dentistry.com\/de\/wp-json\/wp\/v2\/posts\/10897","targetHints":{"allow":["GET"]}}],"collection":[{"href":"https:\/\/www.best-dentist-dentistry.com\/de\/wp-json\/wp\/v2\/posts"}],"about":[{"href":"https:\/\/www.best-dentist-dentistry.com\/de\/wp-json\/wp\/v2\/types\/post"}],"author":[{"embeddable":true,"href":"https:\/\/www.best-dentist-dentistry.com\/de\/wp-json\/wp\/v2\/users\/1"}],"replies":[{"embeddable":true,"href":"https:\/\/www.best-dentist-dentistry.com\/de\/wp-json\/wp\/v2\/comments?post=10897"}],"version-history":[{"count":0,"href":"https:\/\/www.best-dentist-dentistry.com\/de\/wp-json\/wp\/v2\/posts\/10897\/revisions"}],"wp:attachment":[{"href":"https:\/\/www.best-dentist-dentistry.com\/de\/wp-json\/wp\/v2\/media?parent=10897"}],"wp:term":[{"taxonomy":"category","embeddable":true,"href":"https:\/\/www.best-dentist-dentistry.com\/de\/wp-json\/wp\/v2\/categories?post=10897"},{"taxonomy":"post_tag","embeddable":true,"href":"https:\/\/www.best-dentist-dentistry.com\/de\/wp-json\/wp\/v2\/tags?post=10897"}],"curies":[{"name":"wp","href":"https:\/\/api.w.org\/{rel}","templated":true}]}}