{"id":10935,"date":"2012-07-24T02:54:20","date_gmt":"2012-07-24T02:54:20","guid":{"rendered":null},"modified":"-0001-11-30T00:00:00","modified_gmt":"-0001-11-30T00:00:00","slug":"the-colombian-vice-president-suffered-a-stroke-failure","status":"publish","type":"post","link":"https:\/\/www.best-dentist-dentistry.com\/de\/the-colombian-vice-president-suffered-a-stroke-failure\/10935","title":{"rendered":"Der kolumbianische Vice President erlitt einen Schlaganfall Fehler"},"content":{"rendered":"<p class=\"first\"> Bogota, 19 jun (EFE).-der kolumbianische Vizepr\u00e4sident Angelino Garz\u00f3n erlitt eine zerebrovaskul\u00e4re St\u00f6rungsmeldung und am Montag er einer Notoperation unterzogen wurde, berichtet heute die \u00c4rzte, die Sie im Krankenhaus Reina Sofia de Bogot\u00e1 erf\u00fcllen.<\/p>\n<p>Nach einer Entlassung aus der Klinik, der Vice President ist in der Intensivstation (ICU) wo es &#8220;eine strenge \u00dcberwachung&#8221; unterliegt.<\/p>\n<p>Garz\u00f3n, 65, erlitt eine Komplikation genannt &#8220;neurologische pl\u00f6tzliches Ereignis vaskul\u00e4ren Ursprungs&#8221;, durch die er sofort in das Krankenhaus, wo wurde er am vergangenen Donnerstag unterzog nach Vorlage einer infekti\u00f6sen urologischen Ursprungs-Box aufgenommen.<\/p>\n<p>Dieser Bedingung, laut \u00c4rzte, hatte eine g\u00fcnstige Entwicklung bis Montag Komplikationen dargestellt.<\/p>\n<p>Am vergangenen Freitag, der Vizepr\u00e4sidenten berichtet, dass Garzon &#8220;in gewissem Sinne pr\u00e4ventive&#8221; ins Krankenhaus eingeliefert worden hatte &#8220;Routineuntersuchungen&#8221;, aber gestern sein Amt r\u00e4umte ein, dass er auf der Intensivstation eingetragen hatte nach einer einige Tests, die &#8220;die Notwendigkeit einer st\u00e4ndigen \u00dcberwachung&#8221; zu unterziehen.<\/p>\n<p>Dies ist die zweite schwere Garz\u00f3n Gesundheit Komplikation, da er die Vizepr\u00e4sidentschaft Kolumbien am 8. August 2010, seit einen Tag \u00fcbernahm nach seinem Amtsantritt ein Herzleiden litt, die ihn f\u00fcr mehrere Wochen au\u00dfer Gefecht gesetzt.<\/p>\n<p>Garz\u00f3n, einer renommierten ehemaligen Gewerkschaft, wurde Vizepr\u00e4sident als Running Mate von Pr\u00e4sident Juan Manuel Santos und in den letzten Monaten die Richtung General der internationalen der Arbeitsorganisation (ILO) eine starke Kampagne gemacht, welches schlie\u00dflich fehlgeschlagen.<\/p>\n<p>Unter anderen Abgaben Garzon war Minister in der Regierung von Andr\u00e9s Pastrana (1998-2002) und Botschafter in Genf bei den Vereinten Nationen w\u00e4hrend der Pr\u00e4sidentschaft von \u00c1lvaro Uribe V\u00e9lez (2002 \u2013 2010).<\/p>\n<p>Da nahm er sein Amt als Vizepr\u00e4sident, Garz\u00f3n hat aufgrund regelm\u00e4\u00dfige \u00e4rztliche Kontrollen zu unterziehen und ist verpflichtet, eine spezielle Di\u00e4t tragen.<\/p>\n","protected":false},"excerpt":{"rendered":"<p>Bogota, 19 jun (EFE).-der kolumbianische Vizepr\u00e4sident Angelino Garz\u00f3n erlitt eine zerebrovaskul\u00e4re St\u00f6rungsmeldung und am Montag er einer Notoperation unterzogen wurde, berichtet heute die \u00c4rzte, die Sie im Krankenhaus Reina Sofia de Bogot\u00e1 erf\u00fcllen. Nach einer Entlassung aus der Klinik, der Vice President ist in der Intensivstation (ICU) wo es &#8220;eine strenge \u00dcberwachung&#8221; unterliegt. Garz\u00f3n, 65, [&hellip;]<\/p>\n","protected":false},"author":1,"featured_media":0,"comment_status":"close","ping_status":"open","sticky":false,"template":"","format":"standard","meta":{"footnotes":""},"categories":[3],"tags":[21829,21830,21828],"class_list":["post-10935","post","type-post","status-publish","format-standard","hentry","category-allgemeine","tag-president","tag-schlaganfall-fehler","tag-vice","et-doesnt-have-format-content","et_post_format-et-post-format-standard"],"_links":{"self":[{"href":"https:\/\/www.best-dentist-dentistry.com\/de\/wp-json\/wp\/v2\/posts\/10935","targetHints":{"allow":["GET"]}}],"collection":[{"href":"https:\/\/www.best-dentist-dentistry.com\/de\/wp-json\/wp\/v2\/posts"}],"about":[{"href":"https:\/\/www.best-dentist-dentistry.com\/de\/wp-json\/wp\/v2\/types\/post"}],"author":[{"embeddable":true,"href":"https:\/\/www.best-dentist-dentistry.com\/de\/wp-json\/wp\/v2\/users\/1"}],"replies":[{"embeddable":true,"href":"https:\/\/www.best-dentist-dentistry.com\/de\/wp-json\/wp\/v2\/comments?post=10935"}],"version-history":[{"count":0,"href":"https:\/\/www.best-dentist-dentistry.com\/de\/wp-json\/wp\/v2\/posts\/10935\/revisions"}],"wp:attachment":[{"href":"https:\/\/www.best-dentist-dentistry.com\/de\/wp-json\/wp\/v2\/media?parent=10935"}],"wp:term":[{"taxonomy":"category","embeddable":true,"href":"https:\/\/www.best-dentist-dentistry.com\/de\/wp-json\/wp\/v2\/categories?post=10935"},{"taxonomy":"post_tag","embeddable":true,"href":"https:\/\/www.best-dentist-dentistry.com\/de\/wp-json\/wp\/v2\/tags?post=10935"}],"curies":[{"name":"wp","href":"https:\/\/api.w.org\/{rel}","templated":true}]}}