{"id":10960,"date":"2012-07-24T02:59:35","date_gmt":"2012-07-24T02:59:35","guid":{"rendered":null},"modified":"-0001-11-30T00:00:00","modified_gmt":"-0001-11-30T00:00:00","slug":"colombian-vice-president-rehabilitation-and-with-restricted-visits","status":"publish","type":"post","link":"https:\/\/www.best-dentist-dentistry.com\/de\/colombian-vice-president-rehabilitation-and-with-restricted-visits\/10960","title":{"rendered":"Kolumbianische Vice President Rehabilitation und mit eingeschr\u00e4nkten besuchen"},"content":{"rendered":"<p class=\"first\"> Bogota, 30 jun (EFE).-kolumbianische Vizepr\u00e4sident Angelino Garzon, der kam aus der Einheit der Intensivstation (ICU), von Freitag heute bleibt in Ihrem Zimmer &#8220;mit eingeschr\u00e4nkten Besuche und ganzheitliche Rehabilitation-Prozess&#8221;, laut dem medizinischen Bericht von diesem Samstag.<\/p>\n<p>Garz\u00f3n, trat ab dem 14. Juni durch zerebrale Isch\u00e4mie und der 18. eskaliert, heute ist &#8220;klinisch stabil&#8221; und &#8220;bewusst&#8221;, den Teil der klinischen Reina Sofia hinzugef\u00fcgt.<\/p>\n<p>Der Senior, 65, unterzog sich am 21. Juni ein &#8220;Gehirn-Rest&#8221; induzierte zur Vermeidung eine m\u00f6gliche Verschlechterung der Gebiet betroffen von der Verletzung, das Mittelhirn, die lebenswichtige Funktionen gef\u00e4hrdet, dann \u00c4rzte erw\u00e4hnt.<\/p>\n<p>Am vergangenen Mittwoch 27. war er zur\u00fcckgezogen &#8220;ventilatory Unterst\u00fctzung&#8221;, eine k\u00fcnstliche Beatmungsger\u00e4t.<\/p>\n<p>Eine Prostatainfektion gezwungen Garz\u00f3n einzudringen und vier Tage sp\u00e4ter Schlaganfall, das schlie\u00dflich bangt um sein Leben ausgel\u00f6st.<\/p>\n<p>Ya Garz\u00f3n eingegeben hatte nur zwei Tage nach seinem Amtsantritt, dass die Vizepr\u00e4sidentschaft Kolumbien am 7. August 2010 leiden ein Herzleiden davon Chirurgie durchmachte, die ihn f\u00fcr mehrere Wochen und es unf\u00e4hig gehalten seit dann mit einer speziellen Di\u00e4t gehalten wird. EFE<\/p>\n","protected":false},"excerpt":{"rendered":"<p>Bogota, 30 jun (EFE).-kolumbianische Vizepr\u00e4sident Angelino Garzon, der kam aus der Einheit der Intensivstation (ICU), von Freitag heute bleibt in Ihrem Zimmer &#8220;mit eingeschr\u00e4nkten Besuche und ganzheitliche Rehabilitation-Prozess&#8221;, laut dem medizinischen Bericht von diesem Samstag. Garz\u00f3n, trat ab dem 14. Juni durch zerebrale Isch\u00e4mie und der 18. eskaliert, heute ist &#8220;klinisch stabil&#8221; und &#8220;bewusst&#8221;, den [&hellip;]<\/p>\n","protected":false},"author":1,"featured_media":0,"comment_status":"close","ping_status":"open","sticky":false,"template":"","format":"standard","meta":{"footnotes":""},"categories":[3],"tags":[21850],"class_list":["post-10960","post","type-post","status-publish","format-standard","hentry","category-allgemeine","tag-eingeschrnkten","et-doesnt-have-format-content","et_post_format-et-post-format-standard"],"_links":{"self":[{"href":"https:\/\/www.best-dentist-dentistry.com\/de\/wp-json\/wp\/v2\/posts\/10960","targetHints":{"allow":["GET"]}}],"collection":[{"href":"https:\/\/www.best-dentist-dentistry.com\/de\/wp-json\/wp\/v2\/posts"}],"about":[{"href":"https:\/\/www.best-dentist-dentistry.com\/de\/wp-json\/wp\/v2\/types\/post"}],"author":[{"embeddable":true,"href":"https:\/\/www.best-dentist-dentistry.com\/de\/wp-json\/wp\/v2\/users\/1"}],"replies":[{"embeddable":true,"href":"https:\/\/www.best-dentist-dentistry.com\/de\/wp-json\/wp\/v2\/comments?post=10960"}],"version-history":[{"count":0,"href":"https:\/\/www.best-dentist-dentistry.com\/de\/wp-json\/wp\/v2\/posts\/10960\/revisions"}],"wp:attachment":[{"href":"https:\/\/www.best-dentist-dentistry.com\/de\/wp-json\/wp\/v2\/media?parent=10960"}],"wp:term":[{"taxonomy":"category","embeddable":true,"href":"https:\/\/www.best-dentist-dentistry.com\/de\/wp-json\/wp\/v2\/categories?post=10960"},{"taxonomy":"post_tag","embeddable":true,"href":"https:\/\/www.best-dentist-dentistry.com\/de\/wp-json\/wp\/v2\/tags?post=10960"}],"curies":[{"name":"wp","href":"https:\/\/api.w.org\/{rel}","templated":true}]}}