{"id":11063,"date":"2012-07-26T02:51:45","date_gmt":"2012-07-26T02:51:45","guid":{"rendered":null},"modified":"-0001-11-30T00:00:00","modified_gmt":"-0001-11-30T00:00:00","slug":"bogota-mayor-returns-to-his-office-after-drainage-of-clots-in-the-head","status":"publish","type":"post","link":"https:\/\/www.best-dentist-dentistry.com\/de\/bogota-mayor-returns-to-his-office-after-drainage-of-clots-in-the-head\/11063","title":{"rendered":"bogota mayor returns to his office after drainage of clots in the head"},"content":{"rendered":"<p class=\"first\"> Bogot\u00e1, 25 jun (EFE).-der B\u00fcrgermeister von Bogot\u00e1, Gustavo Petro, kehrte heute nach ihrer normalen Arbeit neun Tage nach der Operation f\u00fcr die Entw\u00e4sserung des Blutgerinnsels im Kopf, unterzogen worden sind Quellen in seinem B\u00fcro.<\/p>\n<p>Senior, im Alter von 52, &#8220;Montag kehrte er seine Funktionen, besuchen nach der Durchf\u00fchrung eines Protokolls des Vizepr\u00e4sidenten der Republik, Angeleno Garz\u00f3n, klinische K\u00f6nigin Sofia im Norden der Stadt,&#8221; sagte eine Erkl\u00e4rung unterzeichnet, durch den Kopf der Presse, Rodrigo Silva.<\/p>\n<p>Garz\u00f3n, 65, wurde am 14. Juni eine Prostatainfektion leiden zugelassen, aber nach ein paar Tagen in der Klinik war die Krankheit von der Strich, dass letzten Montag wurde betrieben Notfall.<\/p>\n<p>Petro, ihrerseits war es angesichts hoher letzte Woche und heute zur\u00fcck zu seinem B\u00fcro in das Zentrum von Bogota, &#8220;wurde mit Beifall von den Beamten der verschiedenen Einheiten des B\u00fcrgermeisters, nach seinem Chef der Pressebericht begr\u00fc\u00dft&#8221;.<\/p>\n<p>Der B\u00fcrgermeister, er operiert in Santa Fe-Stiftung, auch im n\u00f6rdlichen Bogota.<\/p>\n<p>&#8220;Medizinische Beratung Hauptstadt Vertreter nicht muss erweitern ihren Arbeitstag, \u00dcbungen zu vermeiden und ansprechen, die Ihr Eingreifen erfordert dringenden F\u00e4llen&#8221; hinzugef\u00fcgt die Freilassung.<\/p>\n<p>Petro wird Montag &#8220;interne und privaten Treffen&#8221; mit einigen ihrer Beamten teilnehmen. EFE<\/p>\n","protected":false},"excerpt":{"rendered":"<p>Bogot\u00e1, 25 jun (EFE).-der B\u00fcrgermeister von Bogot\u00e1, Gustavo Petro, kehrte heute nach ihrer normalen Arbeit neun Tage nach der Operation f\u00fcr die Entw\u00e4sserung des Blutgerinnsels im Kopf, unterzogen worden sind Quellen in seinem B\u00fcro. Senior, im Alter von 52, &#8220;Montag kehrte er seine Funktionen, besuchen nach der Durchf\u00fchrung eines Protokolls des Vizepr\u00e4sidenten der Republik, Angeleno [&hellip;]<\/p>\n","protected":false},"author":1,"featured_media":0,"comment_status":"close","ping_status":"open","sticky":false,"template":"","format":"standard","meta":{"footnotes":""},"categories":[3],"tags":[],"class_list":["post-11063","post","type-post","status-publish","format-standard","hentry","category-allgemeine","et-doesnt-have-format-content","et_post_format-et-post-format-standard"],"_links":{"self":[{"href":"https:\/\/www.best-dentist-dentistry.com\/de\/wp-json\/wp\/v2\/posts\/11063","targetHints":{"allow":["GET"]}}],"collection":[{"href":"https:\/\/www.best-dentist-dentistry.com\/de\/wp-json\/wp\/v2\/posts"}],"about":[{"href":"https:\/\/www.best-dentist-dentistry.com\/de\/wp-json\/wp\/v2\/types\/post"}],"author":[{"embeddable":true,"href":"https:\/\/www.best-dentist-dentistry.com\/de\/wp-json\/wp\/v2\/users\/1"}],"replies":[{"embeddable":true,"href":"https:\/\/www.best-dentist-dentistry.com\/de\/wp-json\/wp\/v2\/comments?post=11063"}],"version-history":[{"count":0,"href":"https:\/\/www.best-dentist-dentistry.com\/de\/wp-json\/wp\/v2\/posts\/11063\/revisions"}],"wp:attachment":[{"href":"https:\/\/www.best-dentist-dentistry.com\/de\/wp-json\/wp\/v2\/media?parent=11063"}],"wp:term":[{"taxonomy":"category","embeddable":true,"href":"https:\/\/www.best-dentist-dentistry.com\/de\/wp-json\/wp\/v2\/categories?post=11063"},{"taxonomy":"post_tag","embeddable":true,"href":"https:\/\/www.best-dentist-dentistry.com\/de\/wp-json\/wp\/v2\/tags?post=11063"}],"curies":[{"name":"wp","href":"https:\/\/api.w.org\/{rel}","templated":true}]}}