{"id":11094,"date":"2012-07-27T02:24:18","date_gmt":"2012-07-27T02:24:18","guid":{"rendered":null},"modified":"-0001-11-30T00:00:00","modified_gmt":"-0001-11-30T00:00:00","slug":"private-clinics-employers-reject-the-call-for-general-strike","status":"publish","type":"post","link":"https:\/\/www.best-dentist-dentistry.com\/de\/private-clinics-employers-reject-the-call-for-general-strike\/11094","title":{"rendered":"Privatkliniken Arbeitgeber lehnen die Forderung nach Generalstreik"},"content":{"rendered":"<p class=\"first\"> MADRID, 27 (EUROPA PRESS)<\/p>\n<p>Der nationale Verband der Privatkliniken \u00e4u\u00dferte ihre Ablehnung mit dem 29. M\u00e4rz Generalstreik, zu verstehen, dass Sie sich &#8220;negativ&#8221; k\u00f6nnen auf Aktivit\u00e4t und die Schaffung von Arbeitspl\u00e4tzen.<\/p>\n<p>F\u00fcr die Federation, &#8220;die Reform der Arbeit, die den Aufruf f\u00fcr Streik versucht, die gro\u00dfen Probleme zu reagieren, dass der Markt das spanische ziehen seit Jahrzehnten Arbeitund nicht die Arbeitnehmerrechte aller Arbeitnehmer verringert gef\u00fchrt hat, sondern tr\u00e4gt zur Steigerung der Produktivit\u00e4t und Wettbewerbsf\u00e4higkeit der spanischen Unternehmen&#8221;.<\/p>\n<p>Somit Arbeitgeber ber\u00fccksichtigt den Streik als &#8220;politischer Druck gegen die Regierung und der Kongress der Abgeordnetenkammer, die Arbeitgeber betrifft,&#8221;, das kann sich nachteilig auswirken als passiver Empf\u00e4nger von seiner &#8220;.&#8221; Dar\u00fcber hinaus &#8220;dieser Tag des Streiks verursacht schwere wirtschaftliche Sch\u00e4den hinzugef\u00fcgt, um die schwierige Situation Spanien&#8221;.<\/p>\n<p>Auf der anderen Seite, erinnert daran, dass gew\u00e4hrleistet werden muss, das Recht auf Arbeit und die Sicherheit aller Besch\u00e4ftigten und Unternehmen, die gem\u00e4\u00df diesem Gesetz, m\u00fcssen offen bleiben tags\u00fcber arbeiten so, dass diejenigen, die seine Arbeit teilnehmen k\u00f6nnen.<\/p>\n<p>K\u00fcndigt auch den Partnern, an diesem Tag wird durch die gemeinsame Kommunikationskan\u00e4le zu empfangen m\u00f6gliche Zwischenf\u00e4lle und ergreifen entsprechende Ma\u00dfnahmen in jedem Fall vorhanden sein.<\/p>\n","protected":false},"excerpt":{"rendered":"<p>MADRID, 27 (EUROPA PRESS) Der nationale Verband der Privatkliniken \u00e4u\u00dferte ihre Ablehnung mit dem 29. M\u00e4rz Generalstreik, zu verstehen, dass Sie sich &#8220;negativ&#8221; k\u00f6nnen auf Aktivit\u00e4t und die Schaffung von Arbeitspl\u00e4tzen. F\u00fcr die Federation, &#8220;die Reform der Arbeit, die den Aufruf f\u00fcr Streik versucht, die gro\u00dfen Probleme zu reagieren, dass der Markt das spanische ziehen [&hellip;]<\/p>\n","protected":false},"author":1,"featured_media":0,"comment_status":"close","ping_status":"open","sticky":false,"template":"","format":"standard","meta":{"footnotes":""},"categories":[3],"tags":[],"class_list":["post-11094","post","type-post","status-publish","format-standard","hentry","category-allgemeine","et-doesnt-have-format-content","et_post_format-et-post-format-standard"],"_links":{"self":[{"href":"https:\/\/www.best-dentist-dentistry.com\/de\/wp-json\/wp\/v2\/posts\/11094","targetHints":{"allow":["GET"]}}],"collection":[{"href":"https:\/\/www.best-dentist-dentistry.com\/de\/wp-json\/wp\/v2\/posts"}],"about":[{"href":"https:\/\/www.best-dentist-dentistry.com\/de\/wp-json\/wp\/v2\/types\/post"}],"author":[{"embeddable":true,"href":"https:\/\/www.best-dentist-dentistry.com\/de\/wp-json\/wp\/v2\/users\/1"}],"replies":[{"embeddable":true,"href":"https:\/\/www.best-dentist-dentistry.com\/de\/wp-json\/wp\/v2\/comments?post=11094"}],"version-history":[{"count":0,"href":"https:\/\/www.best-dentist-dentistry.com\/de\/wp-json\/wp\/v2\/posts\/11094\/revisions"}],"wp:attachment":[{"href":"https:\/\/www.best-dentist-dentistry.com\/de\/wp-json\/wp\/v2\/media?parent=11094"}],"wp:term":[{"taxonomy":"category","embeddable":true,"href":"https:\/\/www.best-dentist-dentistry.com\/de\/wp-json\/wp\/v2\/categories?post=11094"},{"taxonomy":"post_tag","embeddable":true,"href":"https:\/\/www.best-dentist-dentistry.com\/de\/wp-json\/wp\/v2\/tags?post=11094"}],"curies":[{"name":"wp","href":"https:\/\/api.w.org\/{rel}","templated":true}]}}