{"id":11122,"date":"2012-07-27T02:54:05","date_gmt":"2012-07-27T02:54:05","guid":{"rendered":null},"modified":"-0001-11-30T00:00:00","modified_gmt":"-0001-11-30T00:00:00","slug":"Apotheken-sind-Valencia-entscheiden-diesen-Freitag-in-Assembly-wenn-sie-beibehalten-oder-nicht-den-unbefristeten-Streik","status":"publish","type":"post","link":"https:\/\/www.best-dentist-dentistry.com\/de\/Apotheken-sind-Valencia-entscheiden-diesen-Freitag-in-Assembly-wenn-sie-beibehalten-oder-nicht-den-unbefristeten-Streik\/11122","title":{"rendered":"Apotheken sind Valencia entscheiden, diesen Freitag in Assembly, wenn sie beibehalten oder nicht den unbefristeten Streik"},"content":{"rendered":"<p class=\"first\"> VALENCIA, 6 (EUROPA PRESS)<\/p>\n<p>Valencia Apotheken findet dies Freitag, um 2030 Uhr, eine au\u00dferordentliche Sitzung gestern den Vorschlag diskutieren zog des Ministers f\u00fcr Gesundheit, Ana Mato, k\u00f6nnen Sie diese in einen Plan-Zahlungen an Lieferanten. So in der Versammlung entscheidet bleibt die unbestimmte Schlie\u00dfung wurden vorgeladen ab n\u00e4chsten Montag oder verschoben, berichteten Quellen f\u00fcr die Berufsgruppe.<\/p>\n<p>Auf der Tagung der Minister f\u00fcr Gesundheit, Ana Mato, vorgeschlagen, der Pr\u00e4sident des Colleges der Apotheker von Valencia, Mar\u00eda Teresa Guardiola Valencia geh\u00f6ren, Apotheker in Valencia einen Zahlungsanbieter Plan damit sie regelte ihre Situation zu sehen und so die Schulden durch die Rechnungen aus dem Monat Februar in H\u00f6he von 480 Millionen Euro zahlen. Unterdessen Guardiola schriftlich den Vorschlag des Ministers angefordert. <\/p>\n<p>Diese Entscheidung erfolgt die Bretter der Regierung der Colleges der Apotheker De La Comunitat trafen sich am Donnerstag dieser Woche. Die Schlussfolgerung war, dass es Stimmen wird morgen in einer au\u00dferordentlichen Versammlung, unterhalten oder elfte den unbefristeten Streik. <\/p>\n<p>In der letzten Versammlung, gehalten am Dienstag, die Apothekern zugelassen f\u00fcr die Durchf\u00fchrung eines Streiks auf unbestimmte Zeit ab n\u00e4chsten Montag bis 240 Millionen Euro f\u00fcr Februar erhalten und March.<\/p>\n","protected":false},"excerpt":{"rendered":"<p>VALENCIA, 6 (EUROPA PRESS) Valencia Apotheken findet dies Freitag, um 2030 Uhr, eine au\u00dferordentliche Sitzung gestern den Vorschlag diskutieren zog des Ministers f\u00fcr Gesundheit, Ana Mato, k\u00f6nnen Sie diese in einen Plan-Zahlungen an Lieferanten. So in der Versammlung entscheidet bleibt die unbestimmte Schlie\u00dfung wurden vorgeladen ab n\u00e4chsten Montag oder verschoben, berichteten Quellen f\u00fcr die Berufsgruppe. [&hellip;]<\/p>\n","protected":false},"author":1,"featured_media":0,"comment_status":"close","ping_status":"open","sticky":false,"template":"","format":"standard","meta":{"footnotes":""},"categories":[3],"tags":[22019],"class_list":["post-11122","post","type-post","status-publish","format-standard","hentry","category-allgemeine","tag-beibehalten","et-doesnt-have-format-content","et_post_format-et-post-format-standard"],"_links":{"self":[{"href":"https:\/\/www.best-dentist-dentistry.com\/de\/wp-json\/wp\/v2\/posts\/11122","targetHints":{"allow":["GET"]}}],"collection":[{"href":"https:\/\/www.best-dentist-dentistry.com\/de\/wp-json\/wp\/v2\/posts"}],"about":[{"href":"https:\/\/www.best-dentist-dentistry.com\/de\/wp-json\/wp\/v2\/types\/post"}],"author":[{"embeddable":true,"href":"https:\/\/www.best-dentist-dentistry.com\/de\/wp-json\/wp\/v2\/users\/1"}],"replies":[{"embeddable":true,"href":"https:\/\/www.best-dentist-dentistry.com\/de\/wp-json\/wp\/v2\/comments?post=11122"}],"version-history":[{"count":0,"href":"https:\/\/www.best-dentist-dentistry.com\/de\/wp-json\/wp\/v2\/posts\/11122\/revisions"}],"wp:attachment":[{"href":"https:\/\/www.best-dentist-dentistry.com\/de\/wp-json\/wp\/v2\/media?parent=11122"}],"wp:term":[{"taxonomy":"category","embeddable":true,"href":"https:\/\/www.best-dentist-dentistry.com\/de\/wp-json\/wp\/v2\/categories?post=11122"},{"taxonomy":"post_tag","embeddable":true,"href":"https:\/\/www.best-dentist-dentistry.com\/de\/wp-json\/wp\/v2\/tags?post=11122"}],"curies":[{"name":"wp","href":"https:\/\/api.w.org\/{rel}","templated":true}]}}