{"id":11136,"date":"2012-07-27T02:55:30","date_gmt":"2012-07-27T02:55:30","guid":{"rendered":null},"modified":"-0001-11-30T00:00:00","modified_gmt":"-0001-11-30T00:00:00","slug":"bolivia-amazonian-indigenous-do-not-accept-blackmail-of-the-government","status":"publish","type":"post","link":"https:\/\/www.best-dentist-dentistry.com\/de\/bolivia-amazonian-indigenous-do-not-accept-blackmail-of-the-government\/11136","title":{"rendered":"bolivia amazonian indigenous do not accept blackmail of the government"},"content":{"rendered":"<p class=\"first\"> Amazonas-Indianern protestieren in La Paz gegen ein Stra\u00dfenbauprojekt, Kreuz, seinem Hoheitsgebiet Samstag lehnte die Einladung zum Dialog von der Regierung als &#8220;Erpressung&#8221;, k\u00fcndigte seine F\u00fchrer der AFP.<\/p>\n<p>&#8220;Niemand wird den Dialog teilnehmen, weil wir nicht akzeptieren, dass wir erpresst werden,&#8221; sagte Bertha Bejarano, Pr\u00e4sident des Ausschusses mobilisiert indigenen March.<\/p>\n<p>Mit dieser Antwort, der Dialog zwischen Regierung und indigene Amazonas Punkt bleibt tot.<\/p>\n<p>Der Minister des Vorsitzes, Juan Ram\u00f3n Quintana, indigene V\u00f6lkern zu sprechen &#8220;unverz\u00fcglich&#8221;, sondern erweitern das Universum der Partner nicht nur f\u00fcr die F\u00fchrer des Marsches und alle Beh\u00f6rden des indigenen Territoriums und Parque Nacional Isiboro Secure (TIPNIS) eingeladen hatte.<\/p>\n<p>&#8220;Rufen sie sofort, aber in Anwesenheit der 63 Corregidores der TIPNIS und die Pr\u00e4sidenten der Schaltanlage 3 zu erf\u00fcllen.&#8221; &#8220;Die Regierung ist bereit, mit den F\u00fchrern, die das Gebiet bewohnen und legitime und organische F\u00fchrer von ihrer regionalen K\u00f6rperschaften anerkannt sprechen&#8221;, erkl\u00e4rte dem \u00fcbersandten zu indigenen.<\/p>\n<p>Die Beh\u00f6rden haben bisher nur ungern erhalten die Demonstranten halten eine Mahnwache in der N\u00e4he der Plaza de Armas, der Protest als illegitim, da &#8211; nach der Macht der Exekutive &#8211; ihre F\u00fchrer, ihre Basen unbekannt gewesen w\u00e4re.<\/p>\n<p>Frage der Amazonas indigenes Volk einen Marsch nach La Paz f\u00fcr mehr als 60 Tage an die Beh\u00f6rden, die sie vorwerfen inszeniert, Gespr\u00e4che mit Beamten, die von der Regierung als auch nicht-indigenen Gemeinschaft bezeichneten geh\u00f6ren wollen.<\/p>\n<p>Der Minister des Innern, Carlos Romero, zensiert die Leitung Mitglieder als gelten &#8220;Besitzer von TIPNIS, Besitzer der Entscheidungen ihrer Gemeinden&#8221; M\u00e4rz.<\/p>\n<p>Die Regierung einigte sich mit 45 Corregidores (Kommunen) das indigene Territorium und Isiboro Secure Park eine Konsultation auf den Bau der Stra\u00dfe im Amazonas, die von der indigenen Gruppe entgegen der Stra\u00dfe abgelehnt wurde.<\/p>\n<p>Amazonas-Indianern liegen in einem behelfsm\u00e4\u00dfigen Universit\u00e4t Fitnessstudio am 28. Juni 2012 bei Ankunft in La Paz nach einem Spaziergang von zwei Monaten protestieren auf einer Stra\u00dfe von einem National Park gebaut werden.<\/p>\n","protected":false},"excerpt":{"rendered":"<p>Amazonas-Indianern protestieren in La Paz gegen ein Stra\u00dfenbauprojekt, Kreuz, seinem Hoheitsgebiet Samstag lehnte die Einladung zum Dialog von der Regierung als &#8220;Erpressung&#8221;, k\u00fcndigte seine F\u00fchrer der AFP. &#8220;Niemand wird den Dialog teilnehmen, weil wir nicht akzeptieren, dass wir erpresst werden,&#8221; sagte Bertha Bejarano, Pr\u00e4sident des Ausschusses mobilisiert indigenen March. Mit dieser Antwort, der Dialog zwischen [&hellip;]<\/p>\n","protected":false},"author":1,"featured_media":0,"comment_status":"close","ping_status":"open","sticky":false,"template":"","format":"standard","meta":{"footnotes":""},"categories":[3],"tags":[],"class_list":["post-11136","post","type-post","status-publish","format-standard","hentry","category-allgemeine","et-doesnt-have-format-content","et_post_format-et-post-format-standard"],"_links":{"self":[{"href":"https:\/\/www.best-dentist-dentistry.com\/de\/wp-json\/wp\/v2\/posts\/11136","targetHints":{"allow":["GET"]}}],"collection":[{"href":"https:\/\/www.best-dentist-dentistry.com\/de\/wp-json\/wp\/v2\/posts"}],"about":[{"href":"https:\/\/www.best-dentist-dentistry.com\/de\/wp-json\/wp\/v2\/types\/post"}],"author":[{"embeddable":true,"href":"https:\/\/www.best-dentist-dentistry.com\/de\/wp-json\/wp\/v2\/users\/1"}],"replies":[{"embeddable":true,"href":"https:\/\/www.best-dentist-dentistry.com\/de\/wp-json\/wp\/v2\/comments?post=11136"}],"version-history":[{"count":0,"href":"https:\/\/www.best-dentist-dentistry.com\/de\/wp-json\/wp\/v2\/posts\/11136\/revisions"}],"wp:attachment":[{"href":"https:\/\/www.best-dentist-dentistry.com\/de\/wp-json\/wp\/v2\/media?parent=11136"}],"wp:term":[{"taxonomy":"category","embeddable":true,"href":"https:\/\/www.best-dentist-dentistry.com\/de\/wp-json\/wp\/v2\/categories?post=11136"},{"taxonomy":"post_tag","embeddable":true,"href":"https:\/\/www.best-dentist-dentistry.com\/de\/wp-json\/wp\/v2\/tags?post=11136"}],"curies":[{"name":"wp","href":"https:\/\/api.w.org\/{rel}","templated":true}]}}