{"id":11180,"date":"2012-07-28T02:27:12","date_gmt":"2012-07-28T02:27:12","guid":{"rendered":null},"modified":"-0001-11-30T00:00:00","modified_gmt":"-0001-11-30T00:00:00","slug":"interior-of-catalonia-personara-against-the-violent-and-opens-file","status":"publish","type":"post","link":"https:\/\/www.best-dentist-dentistry.com\/de\/interior-of-catalonia-personara-against-the-violent-and-opens-file\/11180","title":{"rendered":"interior of catalonia personara against the violent and opens file"},"content":{"rendered":"<p class=\"first\"> <span class=\"yshortcuts\" id=\"lw_1333467784_0\"> Barcelona<\/span>, 3 <span class=\"yshortcuts\" id=\"lw_1333467784_1\"> APR<\/span> (<span class=\"yshortcuts\" id=\"lw_1333467784_2\"> EFE<\/span>).-der Innenminister, <span class=\"yshortcuts\" id=\"lw_1333467784_3\"> Felip<\/span> <span class=\"yshortcuts\" id=\"lw_1333467784_4\"> Puig<\/span>, gab heute bekannt, dass seine Abteilung Personar\u00e1 als eine <span class=\"yshortcuts\" id=\"lw_1333467784_5\"> Privatklage<\/span> gegen die H\u00e4ftlinge durch die Unruhen der 29 M in Barcelona und, gleichzeitig, sie sie ge\u00f6ffnet haben eine Sanktionierung Dossier, das bleibt auf die Gerichte Kosten gel\u00e4hmt.<\/p>\n<p>In der Pressekonferenz Puig hat angek\u00fcndigt, in ihrem Kampf gegen das &#8220;Stadtguerilla&#8221;, genannt mit ruhiger Hand seiner Abteilung beschlossen hat, als ein \u00fcbler in Gerichtsverfahren gegen die fast achtzig verhaftet, die Aufst\u00e4nde von den 29 M. er\u00f6ffnet kommen<\/p>\n<p>Im Bereich justiziellen nach Puig, Innenraum wird mit der Staatsanwaltschaft zu versuchen, um die m\u00f6gliche H\u00f6chststrafe H\u00e4ftlinge bitten ausgerichtet.<\/p>\n<p>Zur gleichen Zeit hat der Minister vorgestellt innen wurde bereits eine disziplin\u00e4re Aufzeichnung 94 Menschen durch die Ereignisse des Tages der Generalstreik, ge\u00f6ffnet, obwohl das Dossier von warten um zu sehen, wie es sich entwickelt, den Justizbeh\u00f6rden fixiert wurde.<\/p>\n<p>Wenn das Gerichtsverfahren endete Archivierung nach Puig, innen dann Lebenslauf die Verwaltungsbeh\u00f6rde die Beklagten durch die Sch\u00e4den im \u00f6ffentlichen und privaten Bereich zu bestrafen sind noch quantifizieren.<\/p>\n<p>Personen, die Verwaltungsverfahren ge\u00f6ffnet wurde die Promotoren der alternative Ausdruck der CNT und CGT Gewerkschaften dem Minister zufolge.<\/p>\n","protected":false},"excerpt":{"rendered":"<p>Barcelona, 3 APR ( EFE).-der Innenminister, Felip Puig, gab heute bekannt, dass seine Abteilung Personar\u00e1 als eine Privatklage gegen die H\u00e4ftlinge durch die Unruhen der 29 M in Barcelona und, gleichzeitig, sie sie ge\u00f6ffnet haben eine Sanktionierung Dossier, das bleibt auf die Gerichte Kosten gel\u00e4hmt. In der Pressekonferenz Puig hat angek\u00fcndigt, in ihrem Kampf gegen [&hellip;]<\/p>\n","protected":false},"author":1,"featured_media":0,"comment_status":"close","ping_status":"open","sticky":false,"template":"","format":"standard","meta":{"footnotes":""},"categories":[3],"tags":[],"class_list":["post-11180","post","type-post","status-publish","format-standard","hentry","category-allgemeine","et-doesnt-have-format-content","et_post_format-et-post-format-standard"],"_links":{"self":[{"href":"https:\/\/www.best-dentist-dentistry.com\/de\/wp-json\/wp\/v2\/posts\/11180","targetHints":{"allow":["GET"]}}],"collection":[{"href":"https:\/\/www.best-dentist-dentistry.com\/de\/wp-json\/wp\/v2\/posts"}],"about":[{"href":"https:\/\/www.best-dentist-dentistry.com\/de\/wp-json\/wp\/v2\/types\/post"}],"author":[{"embeddable":true,"href":"https:\/\/www.best-dentist-dentistry.com\/de\/wp-json\/wp\/v2\/users\/1"}],"replies":[{"embeddable":true,"href":"https:\/\/www.best-dentist-dentistry.com\/de\/wp-json\/wp\/v2\/comments?post=11180"}],"version-history":[{"count":0,"href":"https:\/\/www.best-dentist-dentistry.com\/de\/wp-json\/wp\/v2\/posts\/11180\/revisions"}],"wp:attachment":[{"href":"https:\/\/www.best-dentist-dentistry.com\/de\/wp-json\/wp\/v2\/media?parent=11180"}],"wp:term":[{"taxonomy":"category","embeddable":true,"href":"https:\/\/www.best-dentist-dentistry.com\/de\/wp-json\/wp\/v2\/categories?post=11180"},{"taxonomy":"post_tag","embeddable":true,"href":"https:\/\/www.best-dentist-dentistry.com\/de\/wp-json\/wp\/v2\/tags?post=11180"}],"curies":[{"name":"wp","href":"https:\/\/api.w.org\/{rel}","templated":true}]}}