{"id":11196,"date":"2012-07-28T02:29:22","date_gmt":"2012-07-28T02:29:22","guid":{"rendered":null},"modified":"-0001-11-30T00:00:00","modified_gmt":"-0001-11-30T00:00:00","slug":"dcoo-he-fears-that-health-savings-announced-by-the-government-is-realized-in-staff-cuts-and-wage","status":"publish","type":"post","link":"https:\/\/www.best-dentist-dentistry.com\/de\/dcoo-he-fears-that-health-savings-announced-by-the-government-is-realized-in-staff-cuts-and-wage\/11196","title":{"rendered":"dcoo he fears that health savings announced by the government is realized in staff cuts and wage"},"content":{"rendered":"<p class=\"first\"> <span class=\"yshortcuts\" id=\"lw_1333993395_0\"> MADRID<\/span>, 09 (<span class=\"yshortcuts\" id=\"lw_1333993395_1\"> EUROPA PRESS<\/span>)<\/p>\n<p>Der <span class=\"yshortcuts\" id=\"lw_1333993395_2\"> Generalsekret\u00e4r<\/span> der <span class=\"yshortcuts\" id=\"lw_1333993395_3\"> Federation<\/span> of Gesundheit der Comisiones Obreras, Antonio Cabrera, \u00e4u\u00dferte sich besorgt \u00fcber die M\u00f6glichkeit der Gesundheit, die Schnitte, die von der Regierung angek\u00fcndigten materialisieren in Schnitten Lohn-bzw. Personal-Profis, wie es geschehen ist, in diesem Jahr in vielen Regionen, da dies &#8220;in einer Verschlechterung der Leistungen&#8221; \u00fcbersetzen w\u00fcrde.<\/p>\n<p>&#8220;Die Regierung m\u00fcssen angeben, ob ihre Politik der K\u00fcrzungen auf der Linie von der entwickelten gehen in diesem Jahr von den autonomen Gemeinschaften, die Tag-Anpassungen, Schnitte L\u00f6hne und Reduzierung der Vorlage zur Kostensenkung angewendet haben wollen.&#8221; &#8220;Die einfachste Sache ist, Personalkosten zu reduzieren und betrifft uns, denn es zu einer Verschlechterung der Leistungen f\u00fchrt&#8221;, er zeigte auf Europa Press.<\/p>\n<p>Der Pr\u00e4sident der Regierung, Mariano Rajoy, reagierte auf die Sorge der M\u00e4rkte mit einem neuen Paket von Reformen im Bildungs- und Gesundheitswesen, mit denen die Exekutive eine Einsparung von \u20ac 10 Milliarden stellt, Montag.<\/p>\n<p>Insbesondere Rajoy hat in der Moncloa-Palast mit dem Minister f\u00fcr Gesundheit, Ana Mato und der Minister f\u00fcr Bildung, Jos\u00e9 Ignacio Wert, zitiert &#8220;definieren des nationalen Reformprogramms&#8221; und &#8220;die Reformen zur Erreichung einer gr\u00f6\u00dferen Rationalisierung, Beseitigung von Doppelarbeit und Effizienz bei der Verwaltung gro\u00dfer \u00f6ffentlicher Dienstleistungen, die in diesem Monat umgesetzt werden&#8221;, wie das Ministerium f\u00fcr die Pr\u00e4sidentschaft in einer Erkl\u00e4rung mitteilte.<\/p>\n","protected":false},"excerpt":{"rendered":"<p>MADRID, 09 ( EUROPA PRESS) Der Generalsekret\u00e4r der Federation of Gesundheit der Comisiones Obreras, Antonio Cabrera, \u00e4u\u00dferte sich besorgt \u00fcber die M\u00f6glichkeit der Gesundheit, die Schnitte, die von der Regierung angek\u00fcndigten materialisieren in Schnitten Lohn-bzw. Personal-Profis, wie es geschehen ist, in diesem Jahr in vielen Regionen, da dies &#8220;in einer Verschlechterung der Leistungen&#8221; \u00fcbersetzen w\u00fcrde. [&hellip;]<\/p>\n","protected":false},"author":1,"featured_media":0,"comment_status":"close","ping_status":"open","sticky":false,"template":"","format":"standard","meta":{"footnotes":""},"categories":[3],"tags":[],"class_list":["post-11196","post","type-post","status-publish","format-standard","hentry","category-allgemeine","et-doesnt-have-format-content","et_post_format-et-post-format-standard"],"_links":{"self":[{"href":"https:\/\/www.best-dentist-dentistry.com\/de\/wp-json\/wp\/v2\/posts\/11196","targetHints":{"allow":["GET"]}}],"collection":[{"href":"https:\/\/www.best-dentist-dentistry.com\/de\/wp-json\/wp\/v2\/posts"}],"about":[{"href":"https:\/\/www.best-dentist-dentistry.com\/de\/wp-json\/wp\/v2\/types\/post"}],"author":[{"embeddable":true,"href":"https:\/\/www.best-dentist-dentistry.com\/de\/wp-json\/wp\/v2\/users\/1"}],"replies":[{"embeddable":true,"href":"https:\/\/www.best-dentist-dentistry.com\/de\/wp-json\/wp\/v2\/comments?post=11196"}],"version-history":[{"count":0,"href":"https:\/\/www.best-dentist-dentistry.com\/de\/wp-json\/wp\/v2\/posts\/11196\/revisions"}],"wp:attachment":[{"href":"https:\/\/www.best-dentist-dentistry.com\/de\/wp-json\/wp\/v2\/media?parent=11196"}],"wp:term":[{"taxonomy":"category","embeddable":true,"href":"https:\/\/www.best-dentist-dentistry.com\/de\/wp-json\/wp\/v2\/categories?post=11196"},{"taxonomy":"post_tag","embeddable":true,"href":"https:\/\/www.best-dentist-dentistry.com\/de\/wp-json\/wp\/v2\/tags?post=11196"}],"curies":[{"name":"wp","href":"https:\/\/api.w.org\/{rel}","templated":true}]}}