{"id":11243,"date":"2012-07-28T02:43:50","date_gmt":"2012-07-28T02:43:50","guid":{"rendered":null},"modified":"-0001-11-30T00:00:00","modified_gmt":"-0001-11-30T00:00:00","slug":"palacios-rejects-closure-of-hospital-services-and-clinics-and-attributed-them-to-the-summer-period","status":"publish","type":"post","link":"https:\/\/www.best-dentist-dentistry.com\/de\/palacios-rejects-closure-of-hospital-services-and-clinics-and-attributed-them-to-the-summer-period\/11243","title":{"rendered":"Palacios verweigert Schlie\u00dfung von Krankenh\u00e4usern und Kliniken und ihnen der Sommerperiode zugeschrieben"},"content":{"rendered":"<p class=\"first\"> MURCIA, 22 (EUROPA PRESS)<\/p>\n<p>Der Minister f\u00fcr <span class=\"yshortcuts\" id=\"lw_1337701646_2\"> Gesundheit<\/span> und Sozialpolitik, Mar\u00eda Angeles Palacios, hat abgelehnt, dass es die Schlie\u00dfung von Kliniken und <span class=\"yshortcuts\" id=\"lw_1337701646_3\"> Krankenh\u00e4usern erw\u00e4gt<\/span>, und ist dieser Umstand zu den Bereichen Gesundheit &#8220;arbeiten daran, die Angeh\u00f6rigen der Gesundheitsberufe Urlaubszeit organisieren&#8221; getadelt.<\/p>\n<p>Palacios reagierte auf die Kritik der verantwortlich f\u00fcr die Gesundheit der <span class=\"yshortcuts\" id=\"lw_1337701646_1\"> sozialistischen Fraktion<\/span>, <span class=\"yshortcuts\" id=\"lw_1337701646_0\"> Teresa Rosique<\/span>, der Versicherte die ausgleichenden Wirtschafts- und Finanzplan &#8220;bestreitet, Pal\u00e4ste und zeigt del Rosell K\u00fcndigung eines Krankenhauses&#8221; so.<\/p>\n<p>Palacios in K\u00fcrze erkl\u00e4rt beginnt&#8221;die Sommersaison und Feiertage f\u00fcr medizinische <span class=\"yshortcuts\"id=\"lw_1337701646_5\"> Fachkr\u00e4fte<\/span>, in der Regel auf die Monate Juni, Juli, August und September&#8221;. So erinnert sich, dass die Frist &#8220;beginnt jedes Jahr aus den Gebieten der Gesundheit planen&#8221;.<\/p>\n<p>In diesem Zusammenhang hat best\u00e4tigt, dass alle Bereiche der <span class=\"yshortcuts\" id=\"lw_1337701646_6\"> Gesundheit<\/span> &#8220;arbeiten, wie jedes Jahr zur Vorbereitung dieser vier Monate Urlaub, Profis k\u00f6nnen Ihrer Wahl&#8221;. Daher warf <span class=\"yshortcuts\" id=\"lw_1337701646_4\"> Rosique<\/span> &#8220;missverstehen dies mit der Tatsache, dass Sie&#8221;in der N\u00e4he studieren&#8221;Dienste&#8221; zu wollen. <\/p>\n<p>Bereichen Gesundheit zielt darauf ab, &#8220;mit Profis arbeiten, so dass Sie Urlaub so genie\u00dfen k\u00f6nnen, dass es nicht die Gesundheitsversorgung auswirkt&#8221;.<\/p>\n<p>Palacios bedauerten Rosique &#8220;Keep doing die Demagogie dieser Fragen&#8221; und wurde in Frage gestellt die Quellen des sozialistischen Members, da &#8220;es ausgel\u00f6st hatte, dass wir alle Gebietsleiter \u00e4ndern musste und unterh\u00e4lt die gleichen Namen von vor einem Jahr, das hei\u00dft, Menschen, die sie nicht mehr als Gebietsleiter&#8221;.<\/p>\n","protected":false},"excerpt":{"rendered":"<p>MURCIA, 22 (EUROPA PRESS) Der Minister f\u00fcr Gesundheit und Sozialpolitik, Mar\u00eda Angeles Palacios, hat abgelehnt, dass es die Schlie\u00dfung von Kliniken und Krankenh\u00e4usern erw\u00e4gt, und ist dieser Umstand zu den Bereichen Gesundheit &#8220;arbeiten daran, die Angeh\u00f6rigen der Gesundheitsberufe Urlaubszeit organisieren&#8221; getadelt. Palacios reagierte auf die Kritik der verantwortlich f\u00fcr die Gesundheit der sozialistischen Fraktion, Teresa [&hellip;]<\/p>\n","protected":false},"author":1,"featured_media":0,"comment_status":"close","ping_status":"open","sticky":false,"template":"","format":"standard","meta":{"footnotes":""},"categories":[3],"tags":[22159,22160,22161],"class_list":["post-11243","post","type-post","status-publish","format-standard","hentry","category-allgemeine","tag-infektionskrankheiten-einheit","tag-sommerperiode","tag-zugeschrieben","et-doesnt-have-format-content","et_post_format-et-post-format-standard"],"_links":{"self":[{"href":"https:\/\/www.best-dentist-dentistry.com\/de\/wp-json\/wp\/v2\/posts\/11243","targetHints":{"allow":["GET"]}}],"collection":[{"href":"https:\/\/www.best-dentist-dentistry.com\/de\/wp-json\/wp\/v2\/posts"}],"about":[{"href":"https:\/\/www.best-dentist-dentistry.com\/de\/wp-json\/wp\/v2\/types\/post"}],"author":[{"embeddable":true,"href":"https:\/\/www.best-dentist-dentistry.com\/de\/wp-json\/wp\/v2\/users\/1"}],"replies":[{"embeddable":true,"href":"https:\/\/www.best-dentist-dentistry.com\/de\/wp-json\/wp\/v2\/comments?post=11243"}],"version-history":[{"count":0,"href":"https:\/\/www.best-dentist-dentistry.com\/de\/wp-json\/wp\/v2\/posts\/11243\/revisions"}],"wp:attachment":[{"href":"https:\/\/www.best-dentist-dentistry.com\/de\/wp-json\/wp\/v2\/media?parent=11243"}],"wp:term":[{"taxonomy":"category","embeddable":true,"href":"https:\/\/www.best-dentist-dentistry.com\/de\/wp-json\/wp\/v2\/categories?post=11243"},{"taxonomy":"post_tag","embeddable":true,"href":"https:\/\/www.best-dentist-dentistry.com\/de\/wp-json\/wp\/v2\/tags?post=11243"}],"curies":[{"name":"wp","href":"https:\/\/api.w.org\/{rel}","templated":true}]}}