{"id":11290,"date":"2012-07-28T03:30:15","date_gmt":"2012-07-28T03:30:15","guid":{"rendered":null},"modified":"-0001-11-30T00:00:00","modified_gmt":"-0001-11-30T00:00:00","slug":"born-the-alliance-against-melanoma","status":"publish","type":"post","link":"https:\/\/www.best-dentist-dentistry.com\/de\/born-the-alliance-against-melanoma\/11290","title":{"rendered":"Das B\u00fcndnis gegen Melanom geboren"},"content":{"rendered":"<p><font size=\"2\"> <font size=\"3\"> <strong>die Allianz gegen Melanom, geboren<\/strong><\/font> <\/p>\n<p>-Ist eine gemeinsame Initiative der spanischen multidisziplin\u00e4ren Gruppe von Melanom (GEM) und der spanischen Gruppe von Patienten mit Krebs (GEPAC), zusammenzubringen, die Bem\u00fchungen der Angeh\u00f6rigen der Gesundheitsberufe und Patienten im Kampf gegen diese Krankheit. <\/p>\n<p>-die erste Aktivit\u00e4t der Allianz werden die Vorbereitung eines Berichts \u00fcber die Bed\u00fcrfnisse der Patientenauf der Grundlage von Gruppen der Diskussion mit ihnen und ihren Familien. <\/p>\n<p>-die H\u00e4ufigkeit des Melanoms nimmt im Westen, obwohl wenn rechtzeitig abgefangen, \u00dcberleben nach dem Umzug Preise sind hoch. Jedoch bis zu den letzten Jahren hat es Fortschritte in der Behandlung von fortgeschrittener Erkrankung. <\/p>\n<p><strong>Madrid, Juli 2012.<\/strong> Die spanische multidisziplin\u00e4ren Gruppe von Melanom (GEM) und der spanischen Gruppe von Patienten mit Krebs (GEPAC) bildeten das B\u00fcndnis gegen Melanom, deren Ziel es ist, kombinieren Bem\u00fchungen sehen aus erster hand die Bed\u00fcrfnisse der Patienten mit dieser Erkrankung und verbessern die Aufmerksamkeit, die sie in unserem Land gegeben. Ziel dieser Initiative ist auch Melanom sensibilisieren, seit diese Sorte Metastasen t\u00f6tet 2 bis 3 Personen pro Tag in unserem Land. <\/p>\n<p>Erkl\u00e4rt Dr. Salvador Martin Algarra, Pr\u00e4sident des Edelsteins,  Spezialisten Quere-Mos, dass Patienten Informationen detailliert der Fortschritte in der Forschung Basi-ca und Melanom, angewendet haben, weil beide eine sehr wichtige \u00c4nderung in der met repr\u00e4sentieren &#8211; Ment dieser Krankheit in ihrer Entwicklung &#8221;. <\/p>\n<p>Die Zusammenarbeit von Fachleuten und Patienten wird die Bem\u00fchungen der Juwelen steigern, durch Platzieren von Spanien an der Spitze der Untersuchung gegen Melanom. In diesem Zusammenhang zog der letzten Kongress der amerikanischen Gesellschaft f\u00fcr medizinische Onkologie (ASCO) Erdnuss-Fiesto die Bedeutung der Grundlagenforschung und der klinischen Forschung bei der Bek\u00e4mpfung der fortgeschrittenem Melanom und metastasiertem. <\/p>\n<p><strong>Erste Aktivit\u00e4t Alliance<\/strong> <\/p>\n<p>Die erste Aktivit\u00e4t der Allianz gegen Melanom besteht in der Organisation von Fokusgruppen oder Arbeitsgruppen, die Wahrnehmungen zu analysieren und Bed\u00fcrfnisse der Patienten. In diesen Sitzungen, Patienten \u00fcbertragen, was ihre Anliegen und ihre Familien, Bereiche f\u00fcr Verbesserungen aufgezeigt. Mit den Trakt Schlussfolgerungen &#8211; Das, das B\u00fcndnis eine qualitative Bericht, der auf der einen Seite helfen bessere Patientenversorgung und, andererseits, dienen als Plattform, um die Bed\u00fcrfnisse der Aktualisierung Informationen zu sensibilisieren und f\u00f6rdern Verbesserung in der Betreuung dieser Patienten. <\/p>\n<p>  Teilnahme an dieser Diskussionsgruppen &#8211; Bego\u00f1a Barrag\u00e1n, Pr\u00e4sident des GEPAC-, Patienten k\u00f6nnen mit der Krankheit ihrer tagt\u00e4glichen Erfahrung teilen gew\u00e4hrleistet. Solche Initiativen sind sehr n\u00fctzlich, weil sie helfen, um die Bed\u00fcrfnisse gegen\u00fcber Patienten jeden Tag zu verbreiten &#8221;. <\/p>\n<p>  Die Bed\u00fcrfnisse von Menschen mit Melanomen sind soziale und wissenschaftliche &#8211; schlie\u00dft Barrag\u00e1n-: soziale, da gibt es noch eine bestimmte Stigmatisierung dieser Krankheit, die ihnen Arbeit beeinflussen k\u00f6nnen, und die Notwendigkeit, dass die verwaltet-gen die Ernsthaftigkeit des Problems zu erkennen und die Meinung der Patienten in jeder haben Entscheidung wirkt sich Ihnen; wissenschaftlicheweil immer multidisziplin\u00e4ren Teams und Zugang zu den Behandlungen der Qualit\u00e4t behandelt werden sollen sind sie getreulich mitgeteilt &#8221;. <\/p>\n<p><strong>Melanom in Spanien <br \/><\/strong> <br \/>Das Melanom ist eine Art von Krebs, die in erster Linie die Haut betrifft, obwohl, in seltenen F\u00e4llen es an verschiedenen Orten wie Augen, Schleimh\u00e4ute auftreten oropharyngealen oder andere. Entspringt in Melanozyten, die Zellen, die f\u00fcr die Produktion von Melanin verantwortlich. Dieser Tumor ist verantwortlich f\u00fcr 80 % der Todesf\u00e4lle von Hautkrebs, die in unserem Land auftreten. Insbesondere werden jedes Jahr zwischen 3.800 und 4.000 neue F\u00e4lle von Spanien, diagnostiziert, die in seiner Vielfalt von metastasiertem Melanom, den Tod von 2-3 Personen, die die Tag1 herbeif\u00fchrt. <\/p>\n<p>Melanom kann in jedem Alter, obwohl es ist am h\u00e4ufigsten bei Menschen mit angemessenen Haut und nach dem Alter von 50 und niemandem beeinflussen. M\u00e4nner neigen dazu, in den Kofferraum befinden, w\u00e4hrend bei Frauen es h\u00e4ufiger in den Beinen scheint. Die Lage des Melanoms auf Rumpf und Extremit\u00e4ten ist auch am h\u00e4ufigsten bei jungen Patienten, je \u00e4lter der Tumor erscheint oft auf dem Kopf und dem cuello3. <\/p>\n<p>Wenn der Tumor rechtzeitig erkannt wird, \u00dcberleben nach dem Umzug Preise sind hoch. Bei fortgeschrittenem Melanom Chemotherapie und Strahlentherapie traditionell sehr effizient gewesen. Gl\u00fccklicherweise konnte die Grundlagenforschung und der klinische Forschung die Entwicklung von Medikamenten, die zum ersten Mal, die durchschnittliche Lebenserwartung bestimmter Gruppen von Patienten zu erh\u00f6hen und repr\u00e4sentieren einen neuen therapeutischen Horizont in diesem Enfer-medad5, 6. <\/p>\n<p><font size=\"1\"> <em>1 GLOBOCAN, Datenbank der who (World Health Organization). <br \/>2 AJ Miller, Mihm MC. Melanom. N Engl J Med 2006; 355 (1): 51-65. <br \/> 3 Spanische multidisziplin\u00e4ren Gruppe von Melanomen. Informationen unter: http:\/\/www.groupgem.org\/que_es <br \/> 4 AV Giblin, Thomas JM. Inzidenz, Mortalit\u00e4t und \u00dcberleben in kutanes Melanom. J plastische, Rekonstruktive und \u00e4sthetische Surg 2007; 60:32-40 <br \/> 5 Chapman, P.B. et zu den. (2011). Verbesserte \u00fcberleben mit Vemurafenib in Melanom mit BRAF V600E Mutation. N Engl J Med 364, 2507-2516. <br \/> 6 Hodi, f.s., et zu den. (2010). Verbesserte \u00fcberleben mit Ipilimumab bei Patienten mit metastasiertem Melanom. N Engl J Med 363, 711-723.<\/em><\/font> <\/p>\n<p><\/font><\/p>\n","protected":false},"excerpt":{"rendered":"<p>die Allianz gegen Melanom, geboren -Ist eine gemeinsame Initiative der spanischen multidisziplin\u00e4ren Gruppe von Melanom (GEM) und der spanischen Gruppe von Patienten mit Krebs (GEPAC), zusammenzubringen, die Bem\u00fchungen der Angeh\u00f6rigen der Gesundheitsberufe und Patienten im Kampf gegen diese Krankheit. -die erste Aktivit\u00e4t der Allianz werden die Vorbereitung eines Berichts \u00fcber die Bed\u00fcrfnisse der Patientenauf der [&hellip;]<\/p>\n","protected":false},"author":1,"featured_media":0,"comment_status":"close","ping_status":"open","sticky":false,"template":"","format":"standard","meta":{"footnotes":""},"categories":[3],"tags":[],"class_list":["post-11290","post","type-post","status-publish","format-standard","hentry","category-allgemeine","et-doesnt-have-format-content","et_post_format-et-post-format-standard"],"_links":{"self":[{"href":"https:\/\/www.best-dentist-dentistry.com\/de\/wp-json\/wp\/v2\/posts\/11290","targetHints":{"allow":["GET"]}}],"collection":[{"href":"https:\/\/www.best-dentist-dentistry.com\/de\/wp-json\/wp\/v2\/posts"}],"about":[{"href":"https:\/\/www.best-dentist-dentistry.com\/de\/wp-json\/wp\/v2\/types\/post"}],"author":[{"embeddable":true,"href":"https:\/\/www.best-dentist-dentistry.com\/de\/wp-json\/wp\/v2\/users\/1"}],"replies":[{"embeddable":true,"href":"https:\/\/www.best-dentist-dentistry.com\/de\/wp-json\/wp\/v2\/comments?post=11290"}],"version-history":[{"count":0,"href":"https:\/\/www.best-dentist-dentistry.com\/de\/wp-json\/wp\/v2\/posts\/11290\/revisions"}],"wp:attachment":[{"href":"https:\/\/www.best-dentist-dentistry.com\/de\/wp-json\/wp\/v2\/media?parent=11290"}],"wp:term":[{"taxonomy":"category","embeddable":true,"href":"https:\/\/www.best-dentist-dentistry.com\/de\/wp-json\/wp\/v2\/categories?post=11290"},{"taxonomy":"post_tag","embeddable":true,"href":"https:\/\/www.best-dentist-dentistry.com\/de\/wp-json\/wp\/v2\/tags?post=11290"}],"curies":[{"name":"wp","href":"https:\/\/api.w.org\/{rel}","templated":true}]}}