{"id":11321,"date":"2012-07-29T02:29:02","date_gmt":"2012-07-29T02:29:02","guid":{"rendered":null},"modified":"-0001-11-30T00:00:00","modified_gmt":"-0001-11-30T00:00:00","slug":"experts-dont-see-drugs-necessary-to-deal-with-the-spring-asthenia","status":"publish","type":"post","link":"https:\/\/www.best-dentist-dentistry.com\/de\/experts-dont-see-drugs-necessary-to-deal-with-the-spring-asthenia\/11321","title":{"rendered":"experts dont see drugs necessary to deal with the spring asthenia"},"content":{"rendered":"<p class=\"first\"> <span class=\"yshortcuts\" id=\"lw_1333878757_0\"> MADRID<\/span>, 8 (<span class=\"yshortcuts\" id=\"lw_1333878757_1\"> EUROPA PRESS<\/span>)<\/p>\n<p><span class=\"yshortcuts\" id=\"lw_1333878757_2\"> Experten<\/span> nicht notwendige Medikamenten zu behandeln, der Fr\u00fchling <span class=\"yshortcuts\" id=\"lw_1333878757_3\"> Asthenie<\/span>, <span class=\"yshortcuts\" id=\"lw_1333878757_4\"> Sekret\u00e4r<\/span> der <span class=\"yshortcuts\" id=\"lw_1333878757_5\"> spanischen Gesellschaft<\/span> f\u00fcr Medizin der Familie und der Gemeinschaft (SemFYC) sehen, der Arzt erkl\u00e4rt Salvador Tranche, die sicherstellt, dass diese St\u00f6rung &#8220;in ein paar Tagen und ohne Komplikationen&#8221; aufgel\u00f6st wird.<\/p>\n<p>Dar\u00fcber hinaus h\u00e4lt es, dass &#8220;es keine Beweise, die als klinische Entit\u00e4t vorhanden ist&#8221;, was &#8220;keine Krankheit an sich&#8221; ist. Nach eigenem Ermessen Fr\u00fchling Asthenie &#8220;ist eine kleine Adaptive oder St\u00f6rung des Bahnhof und Zeit zu \u00e4ndern und die Erh\u00f6hung der Helligkeit&#8221;.<\/p>\n<p>Daher Tranche hat Reuters berichtet, dass &#8220;Es ist nicht sehr wichtig.&#8221; &#8220;Es ist tempor\u00e4r,&#8221; sagt. In Bezug auf Ver\u00e4nderungen, die in den betroffenen Staaten auftreten k\u00f6nnen, dass diese &#8220;kleinen&#8221; und &#8220;eine physische und psychische Komponente&#8221;.<\/p>\n<p>Der ersten sind auf &#8220;M\u00fcdigkeit und Schlafst\u00f6rungen,&#8221; konzentriert, w\u00e4hrend die psychische entstehen durch die Ver\u00e4nderung der Temperatur, seit &#8220;die Hitze kann ein wenig \u00e4ndern&#8221; und die Leuchtkraft. &#8220;Das Licht ist ein Stimulans aber einige Leute k\u00f6nnen sie Reizbarkeit und Mangel an Initiative&#8221;, unterstreicht die Galen.<\/p>\n<p>El Arzt Tranche keine spezifische Erkl\u00e4rung der Tatsache finden, dass diese St\u00f6rung tritt auf, in dieser Zeit des Jahres. Seiner Ansicht nach w\u00e4re&#8221;es logisch, dass es tritt auf, wenn Licht wird reduziert, aber es hier umgekehrt passiert&#8221;. Deshalb h\u00e4lt es als ob der K\u00f6rper au\u00dferhalb &#8220;Desacompasado&#8221;.<\/p>\n<p>Zunehmend wirkt weniger Menschen, die Wesen, das meisten Frauen<\/p>\n<p>Ja aber es best\u00e4tigt die Tatsache, das der Fr\u00fchling Asthenie &#8220;meist betrifft Frauen&#8221;, aber keine Antwort auf diese Situation. Ja so denken Sie eine L\u00f6sung f\u00fcr die Tatsache, dass diese Erkrankung immer weniger Menschen betroffen sind. Seiner Meinung nach ist diese Situation aufgrund der Krise, weil &#8220;die Menschen sind sehr besorgt \u00fcber andere Dinge.&#8221; &#8220;Die Asthenie ist ein kleines Problem,&#8221; Anweisung.<\/p>\n<p>Kurz, argumentiert, dass diese Ver\u00e4nderung &#8220;nur sehr wenige Menschen beeinflussen&#8221; selbst Patienten mehr Konsultation &#8220;um Krankheiten wie An\u00e4mie oder einer depressiven Box auszuschlie\u00dfen&#8221; teilnehmen. In diesem letzten Tranche warnt, dass in seinem milden Niveau, entsprechen die Symptome der &#8220;Schlafst\u00f6rungen, mangelnde Begeisterung und Initiative, Traurigkeit und M\u00fcdigkeit&#8221;. Allerdings h\u00e4lt die akute Depression unverwechselbaren weil Symptome &#8220;mehr schwere und schwere sind&#8221;.<\/p>\n<p>Sichert schlie\u00dflich der Vertreter der SemFYC dieses Fr\u00fchjahr Asthenie &#8220;verhindert nicht, dass ein normales Leben, au\u00dfer wenn es ist langlebig und wird begleitet von Schmerz Gelenke und eine allgemeine Beteiligung&#8221;. Seiner Meinung nach &#8220;Es ist langsamer und mehr m\u00fcde, aber nicht setzt au\u00dfer Gefecht&#8221;.<\/p>\n<p>Zu bek\u00e4mpfen, schl\u00e4gt vor, das Rezept ist &#8220;keep eine Schlaf-Hygiene ruhelosigkeit 7 oder 8 Stunden in der Nacht nach einem regelm\u00e4\u00dfigen Zeitplan von Mahlzeiten und \u00dcbung.&#8221; &#8220;\u00dcben einen gesunden Lebensstil ist das einzige, was werden getan muss,&#8221; schlie\u00dft Dr. Tranche.<\/p>\n","protected":false},"excerpt":{"rendered":"<p>MADRID, 8 ( EUROPA PRESS) Experten nicht notwendige Medikamenten zu behandeln, der Fr\u00fchling Asthenie, Sekret\u00e4r der spanischen Gesellschaft f\u00fcr Medizin der Familie und der Gemeinschaft (SemFYC) sehen, der Arzt erkl\u00e4rt Salvador Tranche, die sicherstellt, dass diese St\u00f6rung &#8220;in ein paar Tagen und ohne Komplikationen&#8221; aufgel\u00f6st wird. Dar\u00fcber hinaus h\u00e4lt es, dass &#8220;es keine Beweise, die [&hellip;]<\/p>\n","protected":false},"author":1,"featured_media":0,"comment_status":"close","ping_status":"open","sticky":false,"template":"","format":"standard","meta":{"footnotes":""},"categories":[3],"tags":[],"class_list":["post-11321","post","type-post","status-publish","format-standard","hentry","category-allgemeine","et-doesnt-have-format-content","et_post_format-et-post-format-standard"],"_links":{"self":[{"href":"https:\/\/www.best-dentist-dentistry.com\/de\/wp-json\/wp\/v2\/posts\/11321","targetHints":{"allow":["GET"]}}],"collection":[{"href":"https:\/\/www.best-dentist-dentistry.com\/de\/wp-json\/wp\/v2\/posts"}],"about":[{"href":"https:\/\/www.best-dentist-dentistry.com\/de\/wp-json\/wp\/v2\/types\/post"}],"author":[{"embeddable":true,"href":"https:\/\/www.best-dentist-dentistry.com\/de\/wp-json\/wp\/v2\/users\/1"}],"replies":[{"embeddable":true,"href":"https:\/\/www.best-dentist-dentistry.com\/de\/wp-json\/wp\/v2\/comments?post=11321"}],"version-history":[{"count":0,"href":"https:\/\/www.best-dentist-dentistry.com\/de\/wp-json\/wp\/v2\/posts\/11321\/revisions"}],"wp:attachment":[{"href":"https:\/\/www.best-dentist-dentistry.com\/de\/wp-json\/wp\/v2\/media?parent=11321"}],"wp:term":[{"taxonomy":"category","embeddable":true,"href":"https:\/\/www.best-dentist-dentistry.com\/de\/wp-json\/wp\/v2\/categories?post=11321"},{"taxonomy":"post_tag","embeddable":true,"href":"https:\/\/www.best-dentist-dentistry.com\/de\/wp-json\/wp\/v2\/tags?post=11321"}],"curies":[{"name":"wp","href":"https:\/\/api.w.org\/{rel}","templated":true}]}}