{"id":11346,"date":"2012-07-29T02:32:28","date_gmt":"2012-07-29T02:32:28","guid":{"rendered":null},"modified":"-0001-11-30T00:00:00","modified_gmt":"-0001-11-30T00:00:00","slug":"director-of-wfp-congratulates-president-guatemala-on-the-programme-fome-zero","status":"publish","type":"post","link":"https:\/\/www.best-dentist-dentistry.com\/de\/director-of-wfp-congratulates-president-guatemala-on-the-programme-fome-zero\/11346","title":{"rendered":"Direktor des WFP gratuliert Pr\u00e4sident Guatemala \u00fcber das Programm &#8220;Fome Zero&#8221;"},"content":{"rendered":"<p class=\"first\"> <span class=\"yshortcuts\" id=\"lw_1334612771_0\"> Guatemala<\/span>, 16 Apr (EFE).-der regional Director f\u00fcr <span class=\"yshortcuts\" id=\"lw_1334612771_1\"> Lateinamerika und die Karibik<\/span> von der Nahrung (WFP) der Welt-Programm der Vereinten Nationen, Gemmo Lodesani, gratulierte heute der Stuhl von Guatemala, Otto P\u00e9rez Molina, f\u00fcr seine &#8220;Null Hunger&#8221; Programm, das versucht, da\u00df Unterern\u00e4hrung im Land zu verringern.<\/p>\n<p>Lodesani befragt wurden heute im privaten im Pr\u00e4sidentenpalast mit der guatemaltekischen Vertreter, der die WFP-Unterst\u00fctzung zur Bek\u00e4mpfung von Hunger und Unterern\u00e4hrung in dem Zentralamerikanischen Land ratifiziert hatten.<\/p>\n<p>Er sagte, dass WFP weiterhin unterst\u00fctzen Ausbildungsprogrammen nach Guatemala, Land, denen rund 90 Millionen Dollar in den vergangenen f\u00fcnf Jahren gegeben hat<\/p>\n<p>Der Beamte der UNO, italienischer Staatsangeh\u00f6rigkeit, sagte Reportern, die P\u00e9rez zu den Bem\u00fchungen gratuliert hatte, die im Rahmen des Programms &#8220;Fome Zero&#8221; tut, dass es im Februar eingeweiht wurde.<\/p>\n<p>The Covenant namens &#8220;Null Hunger&#8221;, laut Perez, zielt darauf ab, die Unterern\u00e4hrung zu verringern, die eines jeden zwei Kinder in Guatemala w\u00e4hrend seiner Herrschaft von vier Jahren, 10 % wirkt sich auf die im Januar begann.<\/p>\n<p>Regionaler Direktor des WFP darauf hingewiesen, dass mit diesem Projekt Guatemala die M\u00f6glichkeit hat, das Problem des Hungers zu l\u00f6sen, aber Sie notwendig ist, um den Verbrauch von Mikron\u00e4hrstoffen, als befestigte Mehl enthalten.<\/p>\n<p>Regionaldirektor f\u00fcr Lateinamerika und die Karibik des WFP Guatemala besucht, nachdem er in Nicaragua, wo fordert Regierungen in der Region, weitere Mittel zur Bek\u00e4mpfung des Hungers, die 53 Millionen betrifft bereitzustellen, 9 Millionen von ihnen Minderj\u00e4hrige.<\/p>\n<p>&#8220;Das Hauptproblem, das im Moment ist, dass die Mittel wir haben nicht ausreichend, um die Arbeit zu tun, als wir machen gerne w\u00fcrden,&#8221; sagte Lodesani in Managua am Freitag.<\/p>\n<p>Regional Director f\u00fcr Lateinamerika und die Karibik des Weltern\u00e4hrungsprogramms, Gemmo Lodesani, traf mit dem guatemaltekischen Pr\u00e4sidenten, denen Sie ratifiziert das WFP Unterst\u00fctzung Kampf gegen Hunger und Unterern\u00e4hrung in dem Zentralamerikanischen Land. WireImage \/<\/p>\n","protected":false},"excerpt":{"rendered":"<p>Guatemala, 16 Apr (EFE).-der regional Director f\u00fcr Lateinamerika und die Karibik von der Nahrung (WFP) der Welt-Programm der Vereinten Nationen, Gemmo Lodesani, gratulierte heute der Stuhl von Guatemala, Otto P\u00e9rez Molina, f\u00fcr seine &#8220;Null Hunger&#8221; Programm, das versucht, da\u00df Unterern\u00e4hrung im Land zu verringern. Lodesani befragt wurden heute im privaten im Pr\u00e4sidentenpalast mit der guatemaltekischen [&hellip;]<\/p>\n","protected":false},"author":1,"featured_media":0,"comment_status":"close","ping_status":"open","sticky":false,"template":"","format":"standard","meta":{"footnotes":""},"categories":[3],"tags":[],"class_list":["post-11346","post","type-post","status-publish","format-standard","hentry","category-allgemeine","et-doesnt-have-format-content","et_post_format-et-post-format-standard"],"_links":{"self":[{"href":"https:\/\/www.best-dentist-dentistry.com\/de\/wp-json\/wp\/v2\/posts\/11346","targetHints":{"allow":["GET"]}}],"collection":[{"href":"https:\/\/www.best-dentist-dentistry.com\/de\/wp-json\/wp\/v2\/posts"}],"about":[{"href":"https:\/\/www.best-dentist-dentistry.com\/de\/wp-json\/wp\/v2\/types\/post"}],"author":[{"embeddable":true,"href":"https:\/\/www.best-dentist-dentistry.com\/de\/wp-json\/wp\/v2\/users\/1"}],"replies":[{"embeddable":true,"href":"https:\/\/www.best-dentist-dentistry.com\/de\/wp-json\/wp\/v2\/comments?post=11346"}],"version-history":[{"count":0,"href":"https:\/\/www.best-dentist-dentistry.com\/de\/wp-json\/wp\/v2\/posts\/11346\/revisions"}],"wp:attachment":[{"href":"https:\/\/www.best-dentist-dentistry.com\/de\/wp-json\/wp\/v2\/media?parent=11346"}],"wp:term":[{"taxonomy":"category","embeddable":true,"href":"https:\/\/www.best-dentist-dentistry.com\/de\/wp-json\/wp\/v2\/categories?post=11346"},{"taxonomy":"post_tag","embeddable":true,"href":"https:\/\/www.best-dentist-dentistry.com\/de\/wp-json\/wp\/v2\/tags?post=11346"}],"curies":[{"name":"wp","href":"https:\/\/api.w.org\/{rel}","templated":true}]}}