{"id":11474,"date":"2012-07-30T02:37:07","date_gmt":"2012-07-30T02:37:07","guid":{"rendered":null},"modified":"-0001-11-30T00:00:00","modified_gmt":"-0001-11-30T00:00:00","slug":"family-doctors-remember-that-education-and-poverty-influence-when-it-comes-to-good-health","status":"publish","type":"post","link":"https:\/\/www.best-dentist-dentistry.com\/de\/family-doctors-remember-that-education-and-poverty-influence-when-it-comes-to-good-health\/11474","title":{"rendered":"family doctors remember that education and poverty influence when it comes to good health"},"content":{"rendered":"<p class=\"first\"> MADRID, 27 (EUROPA PRESS)<\/p>\n<p>Spanische Unternehmen <span class=\"yshortcuts\" id=\"lw_1335543305_1\"> der Familie und Gemeinschaft Medizin<\/span> (SemFYC) und die <span class=\"yshortcuts\" id=\"lw_1335543305_2\"> \u00f6ffentliche Gesundheit<\/span> und Sanit\u00e4r Verwaltung (SESPAS) erinnert an die Rolle der sozialen Determinanten, wie Armut, Arbeitslosigkeit und Bildung, bei guter Gesundheit, also f\u00fcr die Gew\u00e4hrleistung des Rechts auf Gesundheit in gewissem Sinne universal Fragen<\/p>\n<p>Im Rahmen der Nationalkonferenz der Gemeinde-Gesundheit, das in Barcelona stattfindet, beider Gesellschaften haben unterstrichen die Bedeutung der Erhaltung Eigenkapital und haben gebeten Ansatz f\u00fcr Gesundheit in allen Politikbereichen sowie eine Community-basierte Ansatz als eine Ma\u00dfnahme, die gemeinsame Verantwortung f\u00fcr die Gesundheit der Menschen zu f\u00f6rdern.<\/p>\n<p>Sind schlie\u00dflich beide Entit\u00e4ten verpflichtet, ein Dokument des Konsens der Gemeinschaft Gesundheit, offen f\u00fcr die Beteiligung von anderen wissenschaftlichen Gesellschaften und Verb\u00e4nden zu produzieren.  <\/p>\n","protected":false},"excerpt":{"rendered":"<p>MADRID, 27 (EUROPA PRESS) Spanische Unternehmen der Familie und Gemeinschaft Medizin (SemFYC) und die \u00f6ffentliche Gesundheit und Sanit\u00e4r Verwaltung (SESPAS) erinnert an die Rolle der sozialen Determinanten, wie Armut, Arbeitslosigkeit und Bildung, bei guter Gesundheit, also f\u00fcr die Gew\u00e4hrleistung des Rechts auf Gesundheit in gewissem Sinne universal Fragen Im Rahmen der Nationalkonferenz der Gemeinde-Gesundheit, das [&hellip;]<\/p>\n","protected":false},"author":1,"featured_media":0,"comment_status":"close","ping_status":"open","sticky":false,"template":"","format":"standard","meta":{"footnotes":""},"categories":[3],"tags":[],"class_list":["post-11474","post","type-post","status-publish","format-standard","hentry","category-allgemeine","et-doesnt-have-format-content","et_post_format-et-post-format-standard"],"_links":{"self":[{"href":"https:\/\/www.best-dentist-dentistry.com\/de\/wp-json\/wp\/v2\/posts\/11474","targetHints":{"allow":["GET"]}}],"collection":[{"href":"https:\/\/www.best-dentist-dentistry.com\/de\/wp-json\/wp\/v2\/posts"}],"about":[{"href":"https:\/\/www.best-dentist-dentistry.com\/de\/wp-json\/wp\/v2\/types\/post"}],"author":[{"embeddable":true,"href":"https:\/\/www.best-dentist-dentistry.com\/de\/wp-json\/wp\/v2\/users\/1"}],"replies":[{"embeddable":true,"href":"https:\/\/www.best-dentist-dentistry.com\/de\/wp-json\/wp\/v2\/comments?post=11474"}],"version-history":[{"count":0,"href":"https:\/\/www.best-dentist-dentistry.com\/de\/wp-json\/wp\/v2\/posts\/11474\/revisions"}],"wp:attachment":[{"href":"https:\/\/www.best-dentist-dentistry.com\/de\/wp-json\/wp\/v2\/media?parent=11474"}],"wp:term":[{"taxonomy":"category","embeddable":true,"href":"https:\/\/www.best-dentist-dentistry.com\/de\/wp-json\/wp\/v2\/categories?post=11474"},{"taxonomy":"post_tag","embeddable":true,"href":"https:\/\/www.best-dentist-dentistry.com\/de\/wp-json\/wp\/v2\/tags?post=11474"}],"curies":[{"name":"wp","href":"https:\/\/api.w.org\/{rel}","templated":true}]}}