{"id":11504,"date":"2012-07-30T02:42:13","date_gmt":"2012-07-30T02:42:13","guid":{"rendered":null},"modified":"-0001-11-30T00:00:00","modified_gmt":"-0001-11-30T00:00:00","slug":"el-salvador-runs-first-campaign-against-dengue-to-avoid-rebound","status":"publish","type":"post","link":"https:\/\/www.best-dentist-dentistry.com\/de\/el-salvador-runs-first-campaign-against-dengue-to-avoid-rebound\/11504","title":{"rendered":"El Salvador f\u00fchrt erste Kampagne gegen Dengue Fieber, Zugstufe zu vermeiden"},"content":{"rendered":"<p class=\"first\"> <span class=\"yshortcuts\" id=\"lw_1336608754_1\"> San Salvador<\/span>, 9 kann (<span class=\"yshortcuts\" id=\"lw_1336608754_5\"> EFE<\/span>).-<span class=\"yshortcuts\" id=\"lw_1336608754_0\"> das Gesundheitsministerium von El Salvador<\/span> heute startete den ersten Nationalfeiertag gegen Dengue-Fieber einen Anstieg dieser Krankheit, Vermeidung hat bisher verursachte den Tod von Minderj\u00e4hrigen und verlie\u00dfen mehr als tausend im Land infiziert.<\/p>\n<p>Des Tages gegen <span class=\"yshortcuts\" id=\"lw_1336608754_7\"> Dengue-Fieber<\/span> wird durchf\u00fchren, &#8220;drei Tage&#8221;, ab heute und bis zum Freitag, erkl\u00e4rte Efe ein Sprecher f\u00fcr die Gesundheit.<\/p>\n<p>&#8220;Wir sind uns bewusst, dass in der Regenzeit (Mai bis September) Saison Dengue-Fieber steigt erheblich riskieren, dann warum ist dieser Tag geplant, ein Aufruf an die Bev\u00f6lkerung und die Bereinigungsaktionen beizutreten&#8221;, sagte die Presse Juli <span class=\"yshortcuts\" id=\"lw_1336608754_3\"> B\u00fcchsenmacher<\/span>, Direktor der salvadorianischen <span class=\"yshortcuts\" id=\"lw_1336608754_2\"> Gesundheitsministerium<\/span> Gesundheits\u00fcberwachung.<\/p>\n<p><span class=\"yshortcuts\" id=\"lw_1336608754_6\"> Dengue-Fieber<\/span> ist eine Viruserkrankung, die durch den Stich der M\u00fccke &#8220;Aedes Aegypti&#8221; \u00fcbertragen wird und vor allem in tropischen und subtropischen L\u00e4ndern auftritt.<\/p>\n<p>B\u00fcchsenmacher darauf hingewiesen, dass in dem Land gibt es &#8220;eine hohe Auflage von Dengue-Virus&#8221;, da gibt es &#8220;viel Zancudo infiziert&#8221;, von denen betont, da\u00df es ist wichtig, dass die Bev\u00f6lkerung bei der Beseitigung hilft von Brutst\u00e4tten des Insektes.<\/p>\n<p>&#8220;Das Dengue-Fieber-Problem ist nicht die Aufgabe eines einzigen, sondern der gesamten Bev\u00f6lkerung und Arbeitshygiene in ihren H\u00e4usern zu gew\u00e4hrleisten&#8221;, und &#8220;vor allem die Kinder sch\u00fctzen, denn sie sind die schwersten&#8221;, hinzugef\u00fcgt.<\/p>\n<p>Nach R\u00fcstungsschmied, sieben von 10 Personen, die an Dengue-Fieber erkrankt sind, Kinder oder Jugendliche.<\/p>\n<p>2011 Bis November, trat dieses zentralamerikanischen Landes, sofern 6,163 F\u00e4lle von gemeinsamen Denguefieber und h\u00e4morrhagisches Fieber, nach offiziellen Berichten 138.<\/p>\n<p>In diesem Jahr bisher detaillierte 1.500 F\u00e4lle von Dengue-Fieber, von denen 88 sind &#8220;ernste&#8221; oder Blutungen best\u00e4tigt worden, <span class=\"yshortcuts\" id=\"lw_1336608754_4\"> Quelle der Gesundheit<\/span>. EFE<\/p>\n","protected":false},"excerpt":{"rendered":"<p>San Salvador, 9 kann ( EFE).- das Gesundheitsministerium von El Salvador heute startete den ersten Nationalfeiertag gegen Dengue-Fieber einen Anstieg dieser Krankheit, Vermeidung hat bisher verursachte den Tod von Minderj\u00e4hrigen und verlie\u00dfen mehr als tausend im Land infiziert. Des Tages gegen Dengue-Fieber wird durchf\u00fchren, &#8220;drei Tage&#8221;, ab heute und bis zum Freitag, erkl\u00e4rte Efe ein [&hellip;]<\/p>\n","protected":false},"author":1,"featured_media":0,"comment_status":"close","ping_status":"open","sticky":false,"template":"","format":"standard","meta":{"footnotes":""},"categories":[3],"tags":[22460,22461],"class_list":["post-11504","post","type-post","status-publish","format-standard","hentry","category-allgemeine","tag-ehemaliger","tag-zugstufe","et-doesnt-have-format-content","et_post_format-et-post-format-standard"],"_links":{"self":[{"href":"https:\/\/www.best-dentist-dentistry.com\/de\/wp-json\/wp\/v2\/posts\/11504","targetHints":{"allow":["GET"]}}],"collection":[{"href":"https:\/\/www.best-dentist-dentistry.com\/de\/wp-json\/wp\/v2\/posts"}],"about":[{"href":"https:\/\/www.best-dentist-dentistry.com\/de\/wp-json\/wp\/v2\/types\/post"}],"author":[{"embeddable":true,"href":"https:\/\/www.best-dentist-dentistry.com\/de\/wp-json\/wp\/v2\/users\/1"}],"replies":[{"embeddable":true,"href":"https:\/\/www.best-dentist-dentistry.com\/de\/wp-json\/wp\/v2\/comments?post=11504"}],"version-history":[{"count":0,"href":"https:\/\/www.best-dentist-dentistry.com\/de\/wp-json\/wp\/v2\/posts\/11504\/revisions"}],"wp:attachment":[{"href":"https:\/\/www.best-dentist-dentistry.com\/de\/wp-json\/wp\/v2\/media?parent=11504"}],"wp:term":[{"taxonomy":"category","embeddable":true,"href":"https:\/\/www.best-dentist-dentistry.com\/de\/wp-json\/wp\/v2\/categories?post=11504"},{"taxonomy":"post_tag","embeddable":true,"href":"https:\/\/www.best-dentist-dentistry.com\/de\/wp-json\/wp\/v2\/tags?post=11504"}],"curies":[{"name":"wp","href":"https:\/\/api.w.org\/{rel}","templated":true}]}}