{"id":1153,"date":"2013-03-10T11:08:39","date_gmt":"2013-03-10T11:08:39","guid":{"rendered":null},"modified":"2013-03-10T11:08:39","modified_gmt":"2013-03-10T11:08:39","slug":"calderan-replaces-health-and-finance-ministers-and-director-of-intelligence","status":"publish","type":"post","link":"https:\/\/www.best-dentist-dentistry.com\/de\/calderan-replaces-health-and-finance-ministers-and-director-of-intelligence\/1153","title":{"rendered":"Calder\u00f3n ersetzt, Gesundheit und Finanzminister und Director of intelligence"},"content":{"rendered":"<p>Mexiko, 9 Sep (EFE).-der Pr\u00e4sident von Mexiko, Felipe Calder\u00f3n, k\u00fcndigte heute die Ersetzung der Minister der Finanzen, Gesundheit, Jos\u00e9 \u00c1ngel C\u00f3rdova, die erwartet wird, zu versuchen, die Kandidaten in verschiedenen Wahlen im Jahr 2012 und Ernesto Cordero.<\/p>\n<p>In einer Nachricht an die Medien, der Agent auch gezeigt, dass Executive Sicherheit, Alejandro Poir\u00e9, Sprecher wird nun an der Spitze des Zentrums f\u00fcr Forschung und Sicherheit (Cisen), einer Institution, die Arbeit der Intelligenz, anstelle Guillermo Valdes.<\/p>\n<p>\u00c4nderungen passieren auf f\u00fcnfzehn Monate, die Verwaltung, die unter der Leitung von Pr\u00e4sident Calderon (2006-2012) zu schlie\u00dfen.<\/p>\n<p>Lamm,, die die Finanzen-Portfolio auf 9. Dezember 2009 \u00fcbernahm, &#8220;war wichtig, vorw\u00e4rts mit verantwortlich Budgets&#8221; in Mexiko in den letzten Jahren, sagte Calderon.<\/p>\n<p>Der Herrscher betont seine Arbeit &#8220;der \u00f6ffentlichen Finanzen&#8221;, vor allem in Zeiten der Krise als die entfesselte 2008 Standfestigkeit.<\/p>\n<p>Lamm nicht verborgen in den letzten Monaten seine Absichten auf die Pr\u00e4sidentschaftskandidatur der regierenden nationalen Partei f\u00fcr Aktion (PAN), zu suchen, die sich stellen wird die auch Zahlen Josefina V\u00e1zquez Mota und Santiago Creel, die besser positioniert als er in den Umfragen sind<\/p>\n<p>Gestern war Lamm mit der Lieferung des vorgeschlagenen Haushalts f\u00fcr das Jahr 2012, seine letzte gro\u00dfe Ereignis vor das Portfolio auf den weit Kopf von Energie, Jose Antonio Meade.<\/p>\n<p>Letztere wiederum ersetzt werden von Jordy Herrera Flores, Generaldirektor von Pemex Gas und Petroqu\u00edmica Basic.<\/p>\n<p>C\u00f3rdova,, die im Ministerium f\u00fcr Gesundheit der Kommissar der beliebte Versicherung, Salom\u00f3n Chertorivsky ersetzt werden, war einer der Minister besser Wert im Kabinett vom Management in dem zeichnete er sich den Umgang mit der Epidemie, die durch die 2009 H1N1-Virus.<\/p>\n<p>&#8220;Dank Ihrer rechtzeitiges Eingreifen k\u00f6nnte treffen die erforderlichen Ma\u00dfnahmen, um die Geschwindigkeit und die Kette des Getriebes (von HIV) zu verringern und alle F\u00e4lle zu erfassen, die vorgelegt wurde,&#8221; sagte er heute Calder\u00f3n.<\/p>\n<p>Auf Poir\u00e9, bereits ehemaliger Techniker des Rates der nationalen Sicherheit, der Vertreter betont sein Engagement f\u00fcr &#8220;ein Thema, das besonders komplex ist,&#8221; die Bek\u00e4mpfung des organisierten Verbrechens.<\/p>\n<p>Ab heute, die Calderon ihn bat, &#8220;koordinieren mit dem Rest der Bundesbeh\u00f6rden, Ma\u00dfnahmen zur Verhinderung einer Bedrohung, die gef\u00e4hrdet, die Bev\u00f6lkerung, nationale Souver\u00e4nit\u00e4t, Demokratie und demokratische Institutionen, gute Regierungsf\u00fchrung und Rechtsstaatlichkeit&#8221; an der Spitze des Cisen.<\/p>\n<p>\u00c4nderungen werden realisiert, wenn der Pr\u00e4sident, deren Tagesordnung heute pr\u00e4sentiert &#8220;private Aktivit\u00e4ten&#8221;, vor Uhr in einer Nachricht an die Medien an die offizielle Residenz des Los Pinos einberufen. EFE<\/p>\n<p>Akt\/Pmc\/KPJ<\/p>\n","protected":false},"excerpt":{"rendered":"<p>Mexiko, 9 Sep (EFE).-der Pr\u00e4sident von Mexiko, Felipe Calder\u00f3n, k\u00fcndigte heute die Ersetzung der Minister der Finanzen, Gesundheit, Jos\u00e9 \u00c1ngel C\u00f3rdova, die erwartet wird, zu versuchen, die Kandidaten in verschiedenen Wahlen im Jahr 2012 und Ernesto Cordero. In einer Nachricht an die Medien, der Agent auch gezeigt, dass Executive Sicherheit, Alejandro Poir\u00e9, Sprecher wird nun [&hellip;]<\/p>\n","protected":false},"author":1,"featured_media":0,"comment_status":"close","ping_status":"open","sticky":false,"template":"","format":"standard","meta":{"footnotes":""},"categories":[3],"tags":[5126,5127,5128,5129],"class_list":["post-1153","post","type-post","status-publish","format-standard","hentry","category-allgemeine","tag-caldern","tag-ersetzt","tag-finanzminister","tag-intelligence","et-doesnt-have-format-content","et_post_format-et-post-format-standard"],"_links":{"self":[{"href":"https:\/\/www.best-dentist-dentistry.com\/de\/wp-json\/wp\/v2\/posts\/1153","targetHints":{"allow":["GET"]}}],"collection":[{"href":"https:\/\/www.best-dentist-dentistry.com\/de\/wp-json\/wp\/v2\/posts"}],"about":[{"href":"https:\/\/www.best-dentist-dentistry.com\/de\/wp-json\/wp\/v2\/types\/post"}],"author":[{"embeddable":true,"href":"https:\/\/www.best-dentist-dentistry.com\/de\/wp-json\/wp\/v2\/users\/1"}],"replies":[{"embeddable":true,"href":"https:\/\/www.best-dentist-dentistry.com\/de\/wp-json\/wp\/v2\/comments?post=1153"}],"version-history":[{"count":0,"href":"https:\/\/www.best-dentist-dentistry.com\/de\/wp-json\/wp\/v2\/posts\/1153\/revisions"}],"wp:attachment":[{"href":"https:\/\/www.best-dentist-dentistry.com\/de\/wp-json\/wp\/v2\/media?parent=1153"}],"wp:term":[{"taxonomy":"category","embeddable":true,"href":"https:\/\/www.best-dentist-dentistry.com\/de\/wp-json\/wp\/v2\/categories?post=1153"},{"taxonomy":"post_tag","embeddable":true,"href":"https:\/\/www.best-dentist-dentistry.com\/de\/wp-json\/wp\/v2\/tags?post=1153"}],"curies":[{"name":"wp","href":"https:\/\/api.w.org\/{rel}","templated":true}]}}