{"id":11595,"date":"2012-07-31T02:30:31","date_gmt":"2012-07-31T02:30:31","guid":{"rendered":null},"modified":"-0001-11-30T00:00:00","modified_gmt":"-0001-11-30T00:00:00","slug":"ana-mato-guarantees-that-the-health-will-remain-free-but-says-that-will-require-reforms","status":"publish","type":"post","link":"https:\/\/www.best-dentist-dentistry.com\/de\/ana-mato-guarantees-that-the-health-will-remain-free-but-says-that-will-require-reforms\/11595","title":{"rendered":"Ana Mato garantiert, dass &#8220;die Gesundheit frei bleiben wird&#8221;, aber sagt das &#8220;erfordert Reformen&#8221;"},"content":{"rendered":"<p class=\"first\"> <span class=\"yshortcuts\" id=\"lw_1333878742_0\"> Madrid<\/span>, 8 <span class=\"yshortcuts\" id=\"lw_1333878742_1\"> APR<\/span> (<span class=\"yshortcuts\" id=\"lw_1333878742_2\"> EFE<\/span>).-der <span class=\"yshortcuts\" id=\"lw_1333878742_3\"> Minister<\/span> f\u00fcr <span class=\"yshortcuts\" id=\"lw_1333878742_4\"> Gesundheit<\/span>, <span class=\"yshortcuts\" id=\"lw_1333878742_5\"> Soziales<\/span> und <span class=\"yshortcuts\" id=\"lw_1333878742_6\"> Gleichstellung<\/span>, <span class=\"yshortcuts\" id=\"lw_1333878742_7\"> Ana Mato<\/span>, sagte, es sorgt f\u00fcr eine &#8220;freie und Qualit\u00e4tsstufe&#8221; Gesundheit, aber hat davor gewarnt, sie brauchen <span class=\"yshortcuts\" id=\"lw_1333878742_8\"> Reformen<\/span> im Gesundheitswesen haben wir &#8220;das ist gro\u00dfartig,&#8221; ist auch &#8220;machbar&#8221;.<\/p>\n<p>So stimmten den Minister in einem Interview mit der Zeitung &#8220;La Raz\u00f3n&#8221;, die \u00fcber die Ank\u00fcndigung des Ministers der Wirtschaft, Luis Guindos, in einem Interview mit der t\u00e4glichen Frankfurter Allgemeine, gefragt wird, dass die anstehenden Reformen die \u00d6ffentlichkeit, insbesondere f\u00fcr Gesundheit und Bildung Dienstleistungen beeinflussen.<\/p>\n<p>&#8220;Ich w\u00fcrde die Situation unseres Gesundheitssystems von absolut unhaltbare definieren.&#8221; &#8220;Reformen sind notwendig&#8221;, hat darauf bestanden, Mato, wer seinen Vorschlag f\u00fcr ein Pakt des staatlichen Gesundheits- und Sozialpolitik betont hat, so dass Sie &#8220;Ausgaben zu rationalisieren, Verbesserung der Systeme und entfernen Sie doppelte Eintr\u00e4ge \u00fcber eine grundlegende Portfolio von Dienstleistungen&#8221;.<\/p>\n<p>&#8220;D.h. W\u00e4hle einige grundlegenden Dienstleistungen f\u00fcr B\u00fcrger, die zwangsweise in allen autonomen Gemeinschaften gleicherma\u00dfen besucht werden&#8221;, erkl\u00e4rte Mato, wer hat dennoch \u00fcberzeugt worden, die das autonome System &#8220;funktionierte&#8221;, aber, die &#8220;nicht aufrechterhalten werden, st\u00fctzen um nicht zu bezahlen&#8221;. &#8220;Es ist unm\u00f6glich&#8221;, er hat darauf hingewiesen,.<\/p>\n<p>Der Minister betonte, dass &#8220;Diese Regierung eine Konten auf NULL mit der Zahlung an Lieferanten wieder beginnen zu setzen bem\u00fcht hat&#8221; und das ist, was sie geht zu gew\u00e4hrleisten: ein &#8220;Kostenloses &amp; Qualit\u00e4t&#8221; Gesundheit.<\/p>\n<p>Verantwortlich f\u00fcr Gesundheit Mato bestritten hat, dass es werden &#8220;Medicamentazo&#8221;, d. h., dass sie sind nicht zu stoppen, bezahlen f\u00fcr Medikamente durch die Tatsache, dass sie billig sind, aber ja es darauf, dass es hingewiesen hat wird die Valdemecum ersetzen durch Medikamente, die veraltete wurden modernisieren.<\/p>\n<p>Und katalanischen Euro durch Rezept, darauf hingewiesen, dass es bereits erf\u00fcllt hat, mit dem katalanischen Ratgeber f\u00fcr &#8220;zwischen allen&#8221; verabschieden Reformen, die katalanische B\u00fcrger nicht Preise f\u00fcr medizinische Versorgung bezahlen \u00dcberstunden zu bezahlen.<\/p>\n","protected":false},"excerpt":{"rendered":"<p>Madrid, 8 APR ( EFE).-der Minister f\u00fcr Gesundheit, Soziales und Gleichstellung, Ana Mato, sagte, es sorgt f\u00fcr eine &#8220;freie und Qualit\u00e4tsstufe&#8221; Gesundheit, aber hat davor gewarnt, sie brauchen Reformen im Gesundheitswesen haben wir &#8220;das ist gro\u00dfartig,&#8221; ist auch &#8220;machbar&#8221;. So stimmten den Minister in einem Interview mit der Zeitung &#8220;La Raz\u00f3n&#8221;, die \u00fcber die Ank\u00fcndigung [&hellip;]<\/p>\n","protected":false},"author":1,"featured_media":0,"comment_status":"close","ping_status":"open","sticky":false,"template":"","format":"standard","meta":{"footnotes":""},"categories":[3],"tags":[],"class_list":["post-11595","post","type-post","status-publish","format-standard","hentry","category-allgemeine","et-doesnt-have-format-content","et_post_format-et-post-format-standard"],"_links":{"self":[{"href":"https:\/\/www.best-dentist-dentistry.com\/de\/wp-json\/wp\/v2\/posts\/11595","targetHints":{"allow":["GET"]}}],"collection":[{"href":"https:\/\/www.best-dentist-dentistry.com\/de\/wp-json\/wp\/v2\/posts"}],"about":[{"href":"https:\/\/www.best-dentist-dentistry.com\/de\/wp-json\/wp\/v2\/types\/post"}],"author":[{"embeddable":true,"href":"https:\/\/www.best-dentist-dentistry.com\/de\/wp-json\/wp\/v2\/users\/1"}],"replies":[{"embeddable":true,"href":"https:\/\/www.best-dentist-dentistry.com\/de\/wp-json\/wp\/v2\/comments?post=11595"}],"version-history":[{"count":0,"href":"https:\/\/www.best-dentist-dentistry.com\/de\/wp-json\/wp\/v2\/posts\/11595\/revisions"}],"wp:attachment":[{"href":"https:\/\/www.best-dentist-dentistry.com\/de\/wp-json\/wp\/v2\/media?parent=11595"}],"wp:term":[{"taxonomy":"category","embeddable":true,"href":"https:\/\/www.best-dentist-dentistry.com\/de\/wp-json\/wp\/v2\/categories?post=11595"},{"taxonomy":"post_tag","embeddable":true,"href":"https:\/\/www.best-dentist-dentistry.com\/de\/wp-json\/wp\/v2\/tags?post=11595"}],"curies":[{"name":"wp","href":"https:\/\/api.w.org\/{rel}","templated":true}]}}