{"id":11996,"date":"2012-08-03T03:02:05","date_gmt":"2012-08-03T03:02:05","guid":{"rendered":null},"modified":"-0001-11-30T00:00:00","modified_gmt":"-0001-11-30T00:00:00","slug":"the-conflict-with-the-man-puts-at-risk-the-andean-bears","status":"publish","type":"post","link":"https:\/\/www.best-dentist-dentistry.com\/de\/the-conflict-with-the-man-puts-at-risk-the-andean-bears\/11996","title":{"rendered":"the conflict with the man puts at risk the andean bears"},"content":{"rendered":"<p class=\"first\"> Quito, 13 jul (EFE).-die Verringerung ihres Lebensraums durch landwirtschaftliche Expansion und die Verknappung der Tiere und Fr\u00fcchte, dass Feed, einen Konflikt zwischen den Anden B\u00e4ren Ecuador und Bauern generiert haben, Aussterben, nach Meinung der Experten bedroht.<\/p>\n<p>Es wird gesch\u00e4tzt, dass es zwischen 20.000 und 25.000 Kopien in Venezuela, Kolumbien, Peru, Bolivien, Nordwesten von Argentinien und Ecuador, wo sie als der Brillenb\u00e4r bekannt sind.<\/p>\n<p>Die gr\u00f6\u00dfte Bedrohung dar, denen sie, vor allem in Kolumbien und Ecuador ausgesetzt, ist die Jagd von Bauern in der Verteidigung der ihr Vieh, die B\u00e4ren aufgrund der Herabsetzung des anderen Nahrungsquellen, so der Vorsitzende von der Fundaci\u00f3n Oso Andino, Armando Castellanos Angriff.<\/p>\n<p>Sagte, &#8220;Ich sagte den Menschen, dass eine Maut zahlen sie, was sie taten, sie sehen jetzt weitere B\u00e4ren in der N\u00e4he von ihren H\u00e4usern, weil sie den Wald zerst\u00f6rt, ver\u00f6ffentlichten sie die Obstb\u00e4ume, die Avocado, Mortinos, Feigen aus dem Wald hatte&#8221;,.<\/p>\n<p>, Dass die nat\u00fcrliche Beute des B\u00e4ren, wie Tapire, Rehe und Kaninchen, die mit der &#8220;Speisekammer&#8221; von diesen gro\u00dfen S\u00e4ugetieren beendete Verkn\u00fcpfungen jagen.<\/p>\n<p>Anden B\u00e4ren leben in W\u00fcsten und tropische W\u00e4lder, obwohl sie passen sich gut an verschiedene \u00d6kosysteme und ihre Ern\u00e4hrung auch vielf\u00e4ltig ist, da die fressen von Aas Leben Tiere und kultivierte Fr\u00fcchte, sagte Castellanos.<\/p>\n<p>Einige gro\u00dfe M\u00e4nner griffen auch Vieh und sind verantwortlich f\u00fcr, zum Beispiel den Tod von etwa 200 Tiere in der ecuadorianischen Provinz Carchi und Imbabura in nur zwei Jahren.<\/p>\n<p>&#8220;Die Menschen dort denken, dass alle B\u00e4ren Rinder Essen&#8221;, aber Castellanos betonte, dass bei Bedarf &#8220;noch eine Kuh g\u00e4be es kein&#8221;.<\/p>\n<p>Menschen sind &#8220;gut sch\u00fcchtern&#8221; und es gibt nur Berichte \u00fcber jeden Angriffsversuch Wenn sie ihre jungen verteidigen, sagte Castellanos, die hinzugef\u00fcgt, dass es nur &#8220;zwei oder drei&#8221; F\u00e4lle von B\u00e4r Angriff, gegen die J\u00e4ger, die in Ecuador verwundet sind.<\/p>\n<p>Schwarz mit wei\u00dfen Flecken, die M\u00e4nnchen kann ein Gewicht von bis zu 200 Pfund und st\u00e4ndigen messen 2,20 Meter hoch, w\u00e4hrend die Weibchen kleiner sind.<\/p>\n<p>Sind als Brillenb\u00e4r bekannt, da einige wei\u00dfe Flecken um die Augen, aber es auch komplett schwarze gibt.<\/p>\n<p>Nach Castellanos, der Anden &#8220;ist der einzige B\u00e4r in S\u00fcdamerika, es gibt keine weiteren B\u00e4ren.&#8221; &#8220;Also, das Faultier, der H\u00fcgel sind keine B\u00e4ren, sind andere Tiere aber als Felpuditos sehen, wie sie sagen, B\u00e4ren&#8221;.<\/p>\n<p>Die B\u00e4ren zuerst &#8220;m\u00fcssen sie zu verstehen&#8221;, unterstreicht Castellanos, bem\u00fchte sich, Gespr\u00e4che \u00fcber diese Tiere zu geben, damit Landwirte wissen, dass sie nicht nur Fleisch fressen.<\/p>\n<p>Als m\u00f6gliche L\u00f6sungen des Konflikts, der Experte erw\u00e4hnt ein gutes Management der Weide, Vieh, weil die K\u00fche auf \u00fcberall grasen und f\u00fcr die B\u00e4ren, die bereits Fleisch getestet &#8220;ein Kind sagt, das ber\u00fchrt nicht das s\u00fc\u00dfe&#8221;, sagte.<\/p>\n<p>Aus dem Ort der B\u00e4r Angriff auf Vieh ist keine langfristige L\u00f6sung, sagte Castellanos, unter ein Erlebnis, in dem ein Tier zur\u00fcckgegeben, nachdem er entfernt mehr als tausend Kilometer, denn sie immer kommen zur\u00fcck, wo geboren.<\/p>\n<p>Die B\u00e4ren zu t\u00f6ten, noch den Konflikt l\u00f6sen, weil &#8220;die gleichen Raum schnell durch einen anderen, der f\u00fcr die Gelegenheit, wartet besetzt ist&#8221;, sagte Castellanos, der glaubte, war die einzige L\u00f6sung f\u00fcr die Bauern zu lernen, mit ihnen zu leben.<\/p>\n<p>Der Experte schl\u00e4gt auch Wiederaufforstung mit den gleichen B\u00e4umen, die gef\u00e4llt wurden und gef\u00fcttert, die die B\u00e4ren, die die Samen zu verteilen und somit Erhaltung der Vielfalt in Kulturen.<\/p>\n<p>&#8220;Wenn Klettern B\u00e4ume zu essen, (Freifl\u00e4chen) und betritt Licht und andere Pflanzen, die nicht wachsen k\u00f6nnte zu mehr wachsen beginnen&#8221;, sagte Biologe darauf hinweisen, dass der B\u00e4r &#8220;beh\u00e4lt auch die Gesundheit des Waldes&#8221;.<\/p>\n<p>In Ecuador B\u00e4ren sind in allen den Anden, obwohl in den Provinzen Pichincha, Imbabura und Carchi, berichtet die am st\u00e4rksten bedrohten befinden. EFE<\/p>\n<p>cma\/Sm\/Ik<\/p>\n","protected":false},"excerpt":{"rendered":"<p>Quito, 13 jul (EFE).-die Verringerung ihres Lebensraums durch landwirtschaftliche Expansion und die Verknappung der Tiere und Fr\u00fcchte, dass Feed, einen Konflikt zwischen den Anden B\u00e4ren Ecuador und Bauern generiert haben, Aussterben, nach Meinung der Experten bedroht. Es wird gesch\u00e4tzt, dass es zwischen 20.000 und 25.000 Kopien in Venezuela, Kolumbien, Peru, Bolivien, Nordwesten von Argentinien und [&hellip;]<\/p>\n","protected":false},"author":1,"featured_media":0,"comment_status":"close","ping_status":"open","sticky":false,"template":"","format":"standard","meta":{"footnotes":""},"categories":[3],"tags":[],"class_list":["post-11996","post","type-post","status-publish","format-standard","hentry","category-allgemeine","et-doesnt-have-format-content","et_post_format-et-post-format-standard"],"_links":{"self":[{"href":"https:\/\/www.best-dentist-dentistry.com\/de\/wp-json\/wp\/v2\/posts\/11996","targetHints":{"allow":["GET"]}}],"collection":[{"href":"https:\/\/www.best-dentist-dentistry.com\/de\/wp-json\/wp\/v2\/posts"}],"about":[{"href":"https:\/\/www.best-dentist-dentistry.com\/de\/wp-json\/wp\/v2\/types\/post"}],"author":[{"embeddable":true,"href":"https:\/\/www.best-dentist-dentistry.com\/de\/wp-json\/wp\/v2\/users\/1"}],"replies":[{"embeddable":true,"href":"https:\/\/www.best-dentist-dentistry.com\/de\/wp-json\/wp\/v2\/comments?post=11996"}],"version-history":[{"count":0,"href":"https:\/\/www.best-dentist-dentistry.com\/de\/wp-json\/wp\/v2\/posts\/11996\/revisions"}],"wp:attachment":[{"href":"https:\/\/www.best-dentist-dentistry.com\/de\/wp-json\/wp\/v2\/media?parent=11996"}],"wp:term":[{"taxonomy":"category","embeddable":true,"href":"https:\/\/www.best-dentist-dentistry.com\/de\/wp-json\/wp\/v2\/categories?post=11996"},{"taxonomy":"post_tag","embeddable":true,"href":"https:\/\/www.best-dentist-dentistry.com\/de\/wp-json\/wp\/v2\/tags?post=11996"}],"curies":[{"name":"wp","href":"https:\/\/api.w.org\/{rel}","templated":true}]}}