{"id":12013,"date":"2012-08-04T02:21:40","date_gmt":"2012-08-04T02:21:40","guid":{"rendered":null},"modified":"-0001-11-30T00:00:00","modified_gmt":"-0001-11-30T00:00:00","slug":"ciu-asked-the-government-measures-being-taken-to-combat-anorexia-and-bulimia-in-internet-and-media","status":"publish","type":"post","link":"https:\/\/www.best-dentist-dentistry.com\/de\/ciu-asked-the-government-measures-being-taken-to-combat-anorexia-and-bulimia-in-internet-and-media\/12013","title":{"rendered":"ciu asked the government measures being taken to combat anorexia and bulimia in internet and media"},"content":{"rendered":"<p class=\"first\"> MADRID, 18 (EUROPA PRESS)<\/p>\n<p>Der Konvergenz-Gruppe I Uni\u00f3 (CiU) wurde eine Reihe von Fragen im Kongress, in dem die Regierung aufgefordert, die Ma\u00dfnahmen erkl\u00e4ren zur Bek\u00e4mpfung von Magersucht und Bulimie, in Bereichen wie soziale Netzwerke und Medien<\/p>\n<p>The Deputy Carles Campuzano ich Canades, hat vier schriftliche Fragen, die durch Reuters, wo set fordert Erkl\u00e4rungen \u00fcber welchen Plan zur &#8220;Verh\u00fctung und Bek\u00e4mpfung wie Anorexie und Bulimie Essst\u00f6rungen&#8221; registriert, und, insbesondere im Bereich der Mode, vor allem &#8220;Hinweis auf die Gr\u00f6\u00dfe der Kleidung&#8221;; im Bereich der sozialen Netzwerke und das Internet, undSchlie\u00dflich in den Kommunikationsmedien.<\/p>\n<p>Auf der gleichen Betreff Campuzano ich Canades gehofft, dass die zentrale Exekutive reagieren \u00fcber wie es die Aussage des Gesetzes nicht zum Kampf gegen Essst\u00f6rungen (161\/002234), entsprechen wird genehmigt von der Kommission Gesundheit, Sozialpolitik und des Verbrauchs, der vergangenen Wahlperiode auf seiner Tagung am 25. Mai 2011.<\/p>\n<p>Auf der anderen Seite, Frau Maria Concepci\u00f3 Tarruella Steckdosen auch CiU die Regierung f\u00fcr die Ma\u00dfnahmen, die ihm beabsichtigten Ergebnis der Anfrage seiner Fraktion forderte, angenommen am 16. M\u00e4rz 2010 im Kongress erf\u00fcllen f\u00fchren zu einer besseren Lebensqualit\u00e4t und Zugang zu Behandlung von seltenen Krankheiten \u00fcber die Bewegung betroffenen gleich.<\/p>\n","protected":false},"excerpt":{"rendered":"<p>MADRID, 18 (EUROPA PRESS) Der Konvergenz-Gruppe I Uni\u00f3 (CiU) wurde eine Reihe von Fragen im Kongress, in dem die Regierung aufgefordert, die Ma\u00dfnahmen erkl\u00e4ren zur Bek\u00e4mpfung von Magersucht und Bulimie, in Bereichen wie soziale Netzwerke und Medien The Deputy Carles Campuzano ich Canades, hat vier schriftliche Fragen, die durch Reuters, wo set fordert Erkl\u00e4rungen \u00fcber [&hellip;]<\/p>\n","protected":false},"author":1,"featured_media":0,"comment_status":"close","ping_status":"open","sticky":false,"template":"","format":"standard","meta":{"footnotes":""},"categories":[3],"tags":[],"class_list":["post-12013","post","type-post","status-publish","format-standard","hentry","category-allgemeine","et-doesnt-have-format-content","et_post_format-et-post-format-standard"],"_links":{"self":[{"href":"https:\/\/www.best-dentist-dentistry.com\/de\/wp-json\/wp\/v2\/posts\/12013","targetHints":{"allow":["GET"]}}],"collection":[{"href":"https:\/\/www.best-dentist-dentistry.com\/de\/wp-json\/wp\/v2\/posts"}],"about":[{"href":"https:\/\/www.best-dentist-dentistry.com\/de\/wp-json\/wp\/v2\/types\/post"}],"author":[{"embeddable":true,"href":"https:\/\/www.best-dentist-dentistry.com\/de\/wp-json\/wp\/v2\/users\/1"}],"replies":[{"embeddable":true,"href":"https:\/\/www.best-dentist-dentistry.com\/de\/wp-json\/wp\/v2\/comments?post=12013"}],"version-history":[{"count":0,"href":"https:\/\/www.best-dentist-dentistry.com\/de\/wp-json\/wp\/v2\/posts\/12013\/revisions"}],"wp:attachment":[{"href":"https:\/\/www.best-dentist-dentistry.com\/de\/wp-json\/wp\/v2\/media?parent=12013"}],"wp:term":[{"taxonomy":"category","embeddable":true,"href":"https:\/\/www.best-dentist-dentistry.com\/de\/wp-json\/wp\/v2\/categories?post=12013"},{"taxonomy":"post_tag","embeddable":true,"href":"https:\/\/www.best-dentist-dentistry.com\/de\/wp-json\/wp\/v2\/tags?post=12013"}],"curies":[{"name":"wp","href":"https:\/\/api.w.org\/{rel}","templated":true}]}}