{"id":12205,"date":"2012-08-06T02:57:47","date_gmt":"2012-08-06T02:57:47","guid":{"rendered":null},"modified":"-0001-11-30T00:00:00","modified_gmt":"-0001-11-30T00:00:00","slug":"union-doctor-says-that-sas-closes-this-summer-in-seville-nearly-700-beds-and-53-theatres","status":"publish","type":"post","link":"https:\/\/www.best-dentist-dentistry.com\/de\/union-doctor-says-that-sas-closes-this-summer-in-seville-nearly-700-beds-and-53-theatres\/12205","title":{"rendered":"Union Arzt sagt, dass SAS in diesem Sommer in Sevilla fast 700 Betten und 53 Theater schlie\u00dft"},"content":{"rendered":"<p class=\"first\"> Sevilla, 18 (EUROPA PRESS)<\/p>\n<p>Haben die F\u00fchrer der Gewerkschaft Arzt aus Sevilla (SMS) Miguel Angel Montilla, Antonio Gutierrez und Juan Pedro Rodr\u00edguez Tamplin Mittwoch gewarnt, dass der Plan &#8220;Gesundheit Schnitte&#8221; die in diesem Sommer die SAS in drei Krankenh\u00e4usern in der Hauptstadt und in die Osuna durchf\u00fchrt die &#8220;schlie\u00dfen&#8221; fast 700 Betten, 53 Operationss\u00e4le und 400 Abfragen \u00fcbernimmt, unter anderen &#8220;Verschwendung&#8221;.<\/p>\n<p>Pressekonferenz, der Delegat des SMS, Miguel Angel Montilla, Notfall wurden detaillierte, nach Daten von der medizinischen Union selbst und andere &#8220;extrahiert aus der gleichen SAS&#8221;, die den Prozentsatz der Betten w\u00e4hrend des Sommers schlie\u00dfen in Virgen del Roc\u00edo, Macarena und Valme, Krankenh\u00e4user in der Hauptstadt mehr als La Merced in Osuna, 23,1 Prozent, der insgesamt 3.011 Krankenhausbetten, die registriert haben.<\/p>\n<p>Nach seinen Berechnungen, dies bedeutet einen Verlust von 46.247 Tagen Krankenhausaufenthalt, 10,5 Prozent mehr als im Sommer 2011, und globale wirtschaftliche Schnitt 12,26 Millionen Euro auch 10,5 Prozent mehr als im Jahr 2011.<\/p>\n<p>Von Krankenh\u00e4usern, hat klargestellt, dass 1.320 Betten zur Verf\u00fcgung die Virgen del Roc\u00edo, schneidet das Gesicht Board in diesem Sommer in 29 Prozent der insgesamt diese Betten schlie\u00dfen \u00fcbersetzt werden. In Macarena wird auf einer Gesamtfl\u00e4che von 924 Betten, um 21 Prozent gek\u00fcrzt; Valme, \u00fcber 547 Betten, gibt es ein Schnitt von 26,9 Prozent; und in La Merced de Osuna, rund 220 Betten werden sie 15,5 Prozent geschlossen. &#8220;Die SAS euphemistisch nannte es Betten in der Reserve, aber in der Praxis sind geschlossene Betten&#8221;, hat dieser Gewerkschaftsf\u00fchrer beschuldigt.<\/p>\n<p>Operationss\u00e4le<\/p>\n<p>In Operationss\u00e4le, hat detaillierte auf insgesamt 94 Tabellen Vorgang SAS 56,5 Prozent, die mit fast 3.000 Tage (2.996) verloren Theater, verbunden wird \u00fcbersetzt in einen Anstieg von 5,9 % im Laufe des Sommers 2011 zu schlie\u00dfen. Trotzdem, haben davor gewarnt, in chirurgischen Warteliste 22.700 Menschen in Sevilla und Provinz gibt.<\/p>\n<p>Von Zentren, die Virgen del Roc\u00edo, mit 47 OP-S\u00e4le, 58 Prozent von ihnen nach der SMS immer zu schlie\u00dfen. Ihrerseits die Macarena geschlossen 63 Prozent der seine 27 Operationss\u00e4le, Valme 45 Prozent seiner 14 Operationss\u00e4le und La Merced 60 Prozent seiner sechs Operationss\u00e4le.<\/p>\n<p>Im Abschnitt \u00fcber Konsultationen hat diese Gewerkschaftsf\u00fchrer beschwert verliert die H\u00e4lfte 805 Abfragen bestehende in diesen Kliniken, die einen Verlust in Tagen der 17.097 Tage oder 341,882 Termine Links zur Abfrage entspricht. Allerdings hat berichtet, dass es 46,914 Menschen in Warteliste f\u00fcr erste Konsultation.<\/p>\n<p>Personalpolitik<\/p>\n<p>Auf Personalpolitik, kritisierte, dass nur 3 Prozent der Substitution von 2,457 \u00c4rzte, die mit einem Schnitt in die Finanzierung von mehr als 8 Millionen Euro in die Vorlagen dieser Zentren, insgesamt existieren abgedeckt werden.<\/p>\n<p>Vor dem Hintergrund dieser Daten, hat der Pr\u00e4sident der SMS, Antonio Gutierrez, der Junta de Andaluc\u00eda gewarnt, die zwar in diesem Sommer &#8220;gibt es keine Demonstrationen&#8221; Teil ihrer Gewerkschaft, R\u00fcckkehr im Herbst &#8220;Wir sehen, wenn wir aufgrund dieser K\u00fcrzungen nennen&#8221;.<\/p>\n<p>&#8220;Wenn wir zum Ausdruck bringen ist durch Schnitte nicht von Wartelisten&#8221;, da &#8220;, die von den Wartelisten mobilisiert werden m\u00fcssen sind diejenigen, die auf den Wartelisten,&#8221; wollte darauf hinweisen. F\u00fcr Gutierrez, &#8220;Wer ist verantwortlich f\u00fcr die \u00f6ffentlichen Dienstleistungen zu verbessern ist das Board, da wir nur Arbeit kann bis zu dem K\u00f6rper halten und verurteilen diese K\u00fcrzungen&#8221;.<\/p>\n<p>, Abberufen, dass viele von den Protesten, die entstehen &#8220;spontanen&#8221; und keine Notwendigkeit, den Gewerkschaften und dass diese einzuberufen ist &#8220;Menschen ist, dass es wirft Funken&#8221;. &#8220;Unheimlich&#8221;, hat weiter, &#8220;ist, dass sie sich nicht immer schlimmer&#8221;.<\/p>\n<p>F\u00fcr seinen Teil, Jim\u00e9nez Tramplin hat zum Thema genommen und darauf hingewiesen, dass &#8220;Wir haben anderthalb Monate mit st\u00e4ndigen Demonstrationen und Konzentrationen, fast t\u00e4glich und in allen Zentren, aus Protest gegen die K\u00fcrzungen, die die Regierung der PSOE in Andalusien auf den Tisch gelegt hat&#8221;.<\/p>\n<p>&#8220;Sind K\u00fcrzungen bei den Geh\u00e4ltern, Einstellung von Personal und Investitionen der Gesundheitsstrukturen&#8221;, setzte dieser Gewerkschaft F\u00fchrer, f\u00fcr wen &#8220;die ersten Folgen, die bereits in Anwesenheit die Zunahme der Wartelisten und der R\u00fcckgang der Qualit\u00e4t der Versorgung in Andalusien sind&#8221;.<\/p>\n<p>&#8220;In all den Jahren den Mund sie hat verletzt unsere verantwortlichen Politiker wenn es kommt f\u00fcr die super Qualit\u00e4t andalusischen Volksgesundheit und sind Pioniere in f\u00fchrenden Interventionen oder Stammzellen&#8221;, betonte Tramplin Jim\u00e9nez, trotz der Tatsache, dass er es bedaure, dass alle &#8220;am Ende zu nichts ist&#8221;.<\/p>\n<p>&#8220;Zeit der Vorstand beschlossen, das Gesundheitspersonal zu machen, die in gr\u00f6\u00dferem Umfang innerhalb der andalusischen \u00f6ffentlichen Funktion, warum verstehen wir, wenn wir die h\u00e4rtesten sind wir m\u00fcssen bestraft werden m\u00fcssen auch die am wenigsten gesch\u00e4tzt f\u00fcr das Unternehmen, das Gesundheitswesen heute verwaltet&#8221; besiedelt.<\/p>\n","protected":false},"excerpt":{"rendered":"<p>Sevilla, 18 (EUROPA PRESS) Haben die F\u00fchrer der Gewerkschaft Arzt aus Sevilla (SMS) Miguel Angel Montilla, Antonio Gutierrez und Juan Pedro Rodr\u00edguez Tamplin Mittwoch gewarnt, dass der Plan &#8220;Gesundheit Schnitte&#8221; die in diesem Sommer die SAS in drei Krankenh\u00e4usern in der Hauptstadt und in die Osuna durchf\u00fchrt die &#8220;schlie\u00dfen&#8221; fast 700 Betten, 53 Operationss\u00e4le und [&hellip;]<\/p>\n","protected":false},"author":1,"featured_media":0,"comment_status":"close","ping_status":"open","sticky":false,"template":"","format":"standard","meta":{"footnotes":""},"categories":[3],"tags":[23213],"class_list":["post-12205","post","type-post","status-publish","format-standard","hentry","category-allgemeine","tag-betten","et-doesnt-have-format-content","et_post_format-et-post-format-standard"],"_links":{"self":[{"href":"https:\/\/www.best-dentist-dentistry.com\/de\/wp-json\/wp\/v2\/posts\/12205","targetHints":{"allow":["GET"]}}],"collection":[{"href":"https:\/\/www.best-dentist-dentistry.com\/de\/wp-json\/wp\/v2\/posts"}],"about":[{"href":"https:\/\/www.best-dentist-dentistry.com\/de\/wp-json\/wp\/v2\/types\/post"}],"author":[{"embeddable":true,"href":"https:\/\/www.best-dentist-dentistry.com\/de\/wp-json\/wp\/v2\/users\/1"}],"replies":[{"embeddable":true,"href":"https:\/\/www.best-dentist-dentistry.com\/de\/wp-json\/wp\/v2\/comments?post=12205"}],"version-history":[{"count":0,"href":"https:\/\/www.best-dentist-dentistry.com\/de\/wp-json\/wp\/v2\/posts\/12205\/revisions"}],"wp:attachment":[{"href":"https:\/\/www.best-dentist-dentistry.com\/de\/wp-json\/wp\/v2\/media?parent=12205"}],"wp:term":[{"taxonomy":"category","embeddable":true,"href":"https:\/\/www.best-dentist-dentistry.com\/de\/wp-json\/wp\/v2\/categories?post=12205"},{"taxonomy":"post_tag","embeddable":true,"href":"https:\/\/www.best-dentist-dentistry.com\/de\/wp-json\/wp\/v2\/tags?post=12205"}],"curies":[{"name":"wp","href":"https:\/\/api.w.org\/{rel}","templated":true}]}}