{"id":12250,"date":"2012-08-07T02:53:58","date_gmt":"2012-08-07T02:53:58","guid":{"rendered":null},"modified":"-0001-11-30T00:00:00","modified_gmt":"-0001-11-30T00:00:00","slug":"Die-medizinische-Union-Desconvoca-Streiks-im-Gesundheitswesen-Balearen-auf-den-Vorschlag-der-Regierung-zu-akzeptieren","status":"publish","type":"post","link":"https:\/\/www.best-dentist-dentistry.com\/de\/Die-medizinische-Union-Desconvoca-Streiks-im-Gesundheitswesen-Balearen-auf-den-Vorschlag-der-Regierung-zu-akzeptieren\/12250","title":{"rendered":"Die medizinische Union Desconvoca Streiks im Gesundheitswesen Balearen, auf den Vorschlag der Regierung zu akzeptieren"},"content":{"rendered":"<p class=\"first\"> PALMA DE MALLORCA 05 (EUROPA PRESS)<\/p>\n<p>Medizinische Union Executive Committee hat heute Nachmittag den unbefristeten Streik bei der Balearen-Heilung, die am Freitag, starten, sodass sie, diese Entscheidung getroffen hat nach akzeptieren den Vorschlag der Regierung, die angek\u00fcndigt hat die Pr\u00e4sentation der sofort ein Gesetz zur Vermeidung, dass \u00c4rzte Entsch\u00e4digung zur\u00fcckzahlen m\u00fcssen wahrgenommene seit 2008 erh\u00f6ht und wird in Zukunft seine Wartung erm\u00f6glichen wollte musterte.<\/p>\n<p>So beschloss es die Simebal Vorstandssitzung die begann um 18 Uhr, wurde gestern Abend von der regionalen Verwaltung, um eine Einigung mit der Gesundheit Sektor Balearen erreichen, die den unbefristeten Streik ab Freitag verhindern unterbreitete Vorschlag analysiert.<\/p>\n<p>, Isidro Torres, der Pr\u00e4sident der Simebal, hat seine Anerkennung f\u00fcr mehr als 4.000 \u00c4rzte der Balearen zeigen wollte &#8220;die haben eine fantastische \u00dcbung der Solidarit\u00e4t, Zusammenhalt und Verantwortung gemacht&#8221;, unter Hinweis auf die Worte des Pr\u00e4sidenten der Balearen-Regierung, Jose Ramon Bauza, dem sie es dr\u00e4ngte Streikrechts.<\/p>\n<p>In diesem Sinne, hat darauf bestanden, zu diesem Zeitpunkt &#8220;verschieben&#8221;, &#8220;Akt der Verantwortung&#8221; der regionalen Kammer. &#8220;Dieses Gesetz hat sein Forum eingetragen und ist im Forum des Parlaments zu entscheiden, die diese Abkommen rechtlichen Machbarkeit von und f\u00fcr immer und nie wieder auf das Thema&#8221;, hat betroffen.<\/p>\n<p>Seinerseits hat die Union Vice President Miguel Lazaro <\/p>\n<p>betont, die sie &#8220;sehr gl\u00fccklich&#8221; und betonte die Exekutive, schnell zu handeln. &#8220;Die Regierung gemacht hat schnell, schnell und gut und jetzt ist der Ball auf dem Dach der Parlamentarier und wir sehen, wie bestimmte Mitglieder abstimmen zu reagieren&#8221;, sagte zu der Zeit, die es betont hatte, dass einer von ihnen ein Arzt ist. <\/p>\n<p>Ben\u00f6tigen die Unterst\u00fctzung von zwei Dritteln der Kamera<\/p>\n<p>darauf hingewiesen, das dieses Gesetz in das Parlament von einzelnen lesen um wirksam zu sein in diesem Monat Juli verarbeitet werden, und zwar wie Torres, ben\u00f6tigte die Unterst\u00fctzung von zwei Dritteln der Kammer. Auch betont, dass die Unterst\u00fctzung von zwei Mitgliedern der 34, die die PP. m\u00fcssen<\/p>\n<p>&#8220;Wir glauben, dass Parlamentarier m\u00fcssen ihrer Verantwortung und m\u00fcssen beweisen, wenn sie wirklich viel \u00c4rzte Balearen Gesundheit Abrechnungsergebnisse betroffene,&#8221; betont.<\/p>\n<p>Hat sie auch beeinflusst durch den Kopf nicht \u00fcbergeben wird &#8220;die hatte Europaabgeordneter, obwohl es nicht Milite in PP, wohl wissend, dass man einen Arzt, Sie k\u00f6nnen nicht Stimmen f\u00fcr 4.000 Mitglieder, die warten auf diese Aufl\u00f6sung die Garde als Note zu sammeln und ihre Familie Wirtschaft l\u00f6sen k\u00f6nnen&#8221;.<\/p>\n<p>&#8220;Ich glaube, es wird eingefahren und wie das Sprichwort sagt: die Zeit und die Fakten sind echte Pr\u00fcfungen des Lebens&#8221;, hat verurteilt.<\/p>\n<p>In Erg\u00e4nzung, Torres, betonte, dass &#8220;dies ein Problem, das spritzte zwei F\u00fchrungskr\u00e4fte, die fr\u00fcheren und aktuellen ist, so dass der aktuelle parlamentarische Bogen ein Forum f\u00fcr die Entscheidung hat und wir verstehen wollen, da\u00df es eine absolute Mehrheit im Parlament von ihren \u00c4rzten&#8221;.<\/p>\n<p>&#8220;Im Parlament es mehr gesunden Menschenverstand als an anderen Standorten gibt&#8221;<\/p>\n<p>Zur gleichen Zeit, wies darauf hin, dass dieses Gesetz, &#8220;Wenn nicht herauskommt schnell lesen, w\u00e4re f\u00fcr gew\u00f6hnliche&#8221; und &#8220;nicht vorstellen wir ein anderes Szenario, die standardm\u00e4\u00dfigen und bekannten Sinne&#8221;. &#8220;Ich verstehe, dass in das Parlament, einige weitere gesunde Menschenverstand, dass anderswo&#8221;, es hat hervorgehoben.<\/p>\n<p>Auf der anderen Seite daran erinnert, dass die zitierte Dokumente &#8220;, dass Rollen zur\u00fcck restaurativen Verlust bisher Mai 1, 2012&#8221; und, die am Morgen des Donnerstag sprach von Teilr\u00fcckzug der Einberufung seiner &#8220;weil wir keine Kenntnis hatten, dass die Regierung von dringend dieses Dokuments behandelt hatte und sobald es das Parlament kommt, wir dieser R\u00fcckzug der Einberufung verstehen seiner hat insgesamt sein, da die Regierung Geste zu uns uns Ruhe gibt&#8221;.<\/p>\n<p>In Bezug auf die m\u00f6gliche Verfassungswidrigkeit des genannten Gesetzes, sagte Lazarus &#8220;\u00dcberraschungen Gewerkschaften diesem Tag machen, wenn sie nicht noch wei\u00df oder wusste, was im Dokument&#8221;. &#8220;Das nur spricht, nicht wissen, was das Gesetz und jedoch bereits Sie dieses Tag, sie sehen, warum sie es tun,&#8221; betonte er. <\/p>\n<p>Wollte auch die Regierung, zu gratulieren, &#8220;weil er eine schnelle Reflexe f\u00fcr einen \u00f6ffentlichen Boykott einer Reihe von Gewerkschaften Root und die Aushandlung Forum Bedienstete&#8221;.<\/p>\n","protected":false},"excerpt":{"rendered":"<p>PALMA DE MALLORCA 05 (EUROPA PRESS) Medizinische Union Executive Committee hat heute Nachmittag den unbefristeten Streik bei der Balearen-Heilung, die am Freitag, starten, sodass sie, diese Entscheidung getroffen hat nach akzeptieren den Vorschlag der Regierung, die angek\u00fcndigt hat die Pr\u00e4sentation der sofort ein Gesetz zur Vermeidung, dass \u00c4rzte Entsch\u00e4digung zur\u00fcckzahlen m\u00fcssen wahrgenommene seit 2008 erh\u00f6ht [&hellip;]<\/p>\n","protected":false},"author":1,"featured_media":0,"comment_status":"close","ping_status":"open","sticky":false,"template":"","format":"standard","meta":{"footnotes":""},"categories":[3],"tags":[23258],"class_list":["post-12250","post","type-post","status-publish","format-standard","hentry","category-allgemeine","tag-desconvoca","et-doesnt-have-format-content","et_post_format-et-post-format-standard"],"_links":{"self":[{"href":"https:\/\/www.best-dentist-dentistry.com\/de\/wp-json\/wp\/v2\/posts\/12250","targetHints":{"allow":["GET"]}}],"collection":[{"href":"https:\/\/www.best-dentist-dentistry.com\/de\/wp-json\/wp\/v2\/posts"}],"about":[{"href":"https:\/\/www.best-dentist-dentistry.com\/de\/wp-json\/wp\/v2\/types\/post"}],"author":[{"embeddable":true,"href":"https:\/\/www.best-dentist-dentistry.com\/de\/wp-json\/wp\/v2\/users\/1"}],"replies":[{"embeddable":true,"href":"https:\/\/www.best-dentist-dentistry.com\/de\/wp-json\/wp\/v2\/comments?post=12250"}],"version-history":[{"count":0,"href":"https:\/\/www.best-dentist-dentistry.com\/de\/wp-json\/wp\/v2\/posts\/12250\/revisions"}],"wp:attachment":[{"href":"https:\/\/www.best-dentist-dentistry.com\/de\/wp-json\/wp\/v2\/media?parent=12250"}],"wp:term":[{"taxonomy":"category","embeddable":true,"href":"https:\/\/www.best-dentist-dentistry.com\/de\/wp-json\/wp\/v2\/categories?post=12250"},{"taxonomy":"post_tag","embeddable":true,"href":"https:\/\/www.best-dentist-dentistry.com\/de\/wp-json\/wp\/v2\/tags?post=12250"}],"curies":[{"name":"wp","href":"https:\/\/api.w.org\/{rel}","templated":true}]}}