{"id":12277,"date":"2012-08-07T02:58:54","date_gmt":"2012-08-07T02:58:54","guid":{"rendered":null},"modified":"-0001-11-30T00:00:00","modified_gmt":"-0001-11-30T00:00:00","slug":"the-constitutional-lifts-the-suspension-interim-against-the-resolution-that-he-applied-the-auction-of-drugs","status":"publish","type":"post","link":"https:\/\/www.best-dentist-dentistry.com\/de\/the-constitutional-lifts-the-suspension-interim-against-the-resolution-that-he-applied-the-auction-of-drugs\/12277","title":{"rendered":"Das Verfassungsgericht hebt Aussetzung bis dahin gegen die Entschlie\u00dfung, dass er die Auktion von Drogen angewendet"},"content":{"rendered":"<p class=\"first\"> Sevilla, 19 (EUROPA PRESS)<\/p>\n<p>Der andalusischen Minister f\u00fcr Gesundheit und Sozialf\u00fcrsorge, Mar\u00eda Jes\u00fas Montero, Donnerstag angek\u00fcndigt, dass das Plenum des Verfassungsgerichts beschlossen hat, die Suspendierung aufzuheben Sicherungsma\u00dfnahmen f\u00fcnf Monate seit dem letzten April \u00fcber die Entschlie\u00dfung der SAS in der Praxis die \u00f6ffentliche Versteigerung von Arzneimitteln in Andalusien, validierten wog ein gewisses Ma\u00df an Einsparungen, die mit denen der Industrieabteilung gehofft, 40 Millionen Euro einzusparen.<\/p>\n<p>Dieser Betrag w\u00fcrde dann auf etwas mehr als 20 Millionen Euro reduziert werden, wenn der Vorstand, die mindestens neun der 13 Einsendungen, pharmazeutischen Labors bekam, die w\u00e4hlte und stieg mit dem ersten \u00f6ffentlichen Ausschreibung Wettbewerb, der Preis niedriger des Marktes anzupassen, und nicht den niedrigeren, Preis, gut auf die \u00c4nderung Anpassung, dass die Zentralregierung seiner k\u00f6niglichen Dekret Gesetz RDL 16\/2012 gemacht hatte<\/p>\n<p>Gespr\u00e4ch mit Europa Press, Montero hat erkannt, dass die Aufhebung der Aussetzung Sicherungsma\u00dfnahmen hat gegen die Entscheidung des Managements von der SAS die gab gr\u00fcnes Licht f\u00fcr die erste Ausschreibung der Molek\u00fcle, nicht anhand der Rechtsverordnung des 13. Dezember 2011, der Ministerrat zugestimmt, genau am Freitag 13. Juli auch verfassungswidrig beheben.<\/p>\n<p>In jedem Fall hat der Eigent\u00fcmer der Gesundheit <\/p>\n<p>\u00fcberzeugt, dass die Meinung von den konstitutionellen auf eine Verordnung mit Gesetzeskraft als Ganzes eine \u00e4hnliche Ende haben wird. &#8220;Wenn die Regierung Anfragen Aussetzung einstweilige Decreto legislativo, was nicht sehr gerechtfertigt w\u00e4re an dieser Stelle nach der Aufhebung der Aussetzung der Entscheidung jetzt, dass verstehen die Gr\u00fcnde, die die TC wurde argumentiert um zu gehen, um die Aussetzung im ersten Fall aufzuheben, werden sehr \u00e4hneln dem Legislativdekret&#8221;.<\/p>\n<p>&#8220;Wir haben immer verteidigt f\u00fcr die Aufhebung der Aussetzung, die nicht in der Hauptsache,, die eine L\u00e4sion der prognostizierten Einsparungen pharmazeutische Ausgaben produziert eingeben, dass wir auch genommen integrierten ausgleichenden Plan des Vorstands hatten&#8221;, mit die, dar\u00fcber hinaus versucht, das Ziel der entsprechen gekennzeichnet durch das Defizit der Zentralregierung.<\/p>\n<p>&#8220;Sprach auch \u00fcber die Sch\u00e4den, die an den Pharmaunternehmen verursacht wird, die aus Molek\u00fclen in Auktion, der Zeitraum vergeben worden ist, die verstreichen wird, bis schlie\u00dflich das Verfassungsgericht Urteil w\u00e4re ein Verlust f\u00fcr diese Labors f\u00fcr die Verz\u00f6gerung bei der Verkauf dieser Produkte, die Prognose der Verk\u00e4ufe, die schon gemacht hatte und mit den vorherigen Investitionen&#8221;Als Gr\u00fcnde f\u00fcr ihre Argumentation Montero hinzugef\u00fcgt wurde.<\/p>\n<p>ANDALUSISCHE Apotheker<\/p>\n<p>Dar\u00fcber hinaus ist es geworden um, die seiner Meinung nach zu beeinflussen, Gemeinschaft &#8220;ist in dieser Angelegenheit zust\u00e4ndigen&#8221;. F\u00fcr seinen Teil, der Pr\u00e4sident des andalusischen Colleges der Apotheker, Antonio Mingorance, notierte in Europa sprechen dr\u00fccken, die die andalusische Apotheker &#8220;Wir sind eine verwaltete&#8221; zu diesem Thema, die weiterhin &#8220;ein Kompetenzkonflikt zwischen der andalusischen Regionalregierung und der Zentralregierung und es hat das Verfassungsgericht zu begleichen&#8221;.<\/p>\n<p>&#8220;Was gesagt hat das Verfassungsgericht kann sagen wenig, da, wie wir in den letzten Monaten zu diesem Thema ge\u00e4u\u00dfert wurden, andalusischen Apotheker blo\u00dfe sind verwaltet diese Kompetenzkonflikt&#8221;, betont Minorasen.<\/p>\n<p>, Hat jedoch erkannt, dass in der Praxis die Versteigerung der Drogen in Andalusien bereits auf diese 9s Molek\u00fcle, arbeitete &#8220;da wir eine Bestellung mitgeteilt durch den Manager des SAS hatten und was wir taten war zu erzwingen, dass die gemeldeten welcher Reihenfolge hatte, unter anderem, weil wir nicht gezwungen hatte, um durch die Reihenfolge unserer Leitungsorgan zu halten&#8221;&#8221;, dann es durch die Reihenfolge der Regierung der Nation Berufung war&#8221;<\/p>\n","protected":false},"excerpt":{"rendered":"<p>Sevilla, 19 (EUROPA PRESS) Der andalusischen Minister f\u00fcr Gesundheit und Sozialf\u00fcrsorge, Mar\u00eda Jes\u00fas Montero, Donnerstag angek\u00fcndigt, dass das Plenum des Verfassungsgerichts beschlossen hat, die Suspendierung aufzuheben Sicherungsma\u00dfnahmen f\u00fcnf Monate seit dem letzten April \u00fcber die Entschlie\u00dfung der SAS in der Praxis die \u00f6ffentliche Versteigerung von Arzneimitteln in Andalusien, validierten wog ein gewisses Ma\u00df an Einsparungen, [&hellip;]<\/p>\n","protected":false},"author":1,"featured_media":0,"comment_status":"close","ping_status":"open","sticky":false,"template":"","format":"standard","meta":{"footnotes":""},"categories":[3],"tags":[23290,23291,23289],"class_list":["post-12277","post","type-post","status-publish","format-standard","hentry","category-allgemeine","tag-dahin","tag-entschlieung","tag-untergrbt","et-doesnt-have-format-content","et_post_format-et-post-format-standard"],"_links":{"self":[{"href":"https:\/\/www.best-dentist-dentistry.com\/de\/wp-json\/wp\/v2\/posts\/12277","targetHints":{"allow":["GET"]}}],"collection":[{"href":"https:\/\/www.best-dentist-dentistry.com\/de\/wp-json\/wp\/v2\/posts"}],"about":[{"href":"https:\/\/www.best-dentist-dentistry.com\/de\/wp-json\/wp\/v2\/types\/post"}],"author":[{"embeddable":true,"href":"https:\/\/www.best-dentist-dentistry.com\/de\/wp-json\/wp\/v2\/users\/1"}],"replies":[{"embeddable":true,"href":"https:\/\/www.best-dentist-dentistry.com\/de\/wp-json\/wp\/v2\/comments?post=12277"}],"version-history":[{"count":0,"href":"https:\/\/www.best-dentist-dentistry.com\/de\/wp-json\/wp\/v2\/posts\/12277\/revisions"}],"wp:attachment":[{"href":"https:\/\/www.best-dentist-dentistry.com\/de\/wp-json\/wp\/v2\/media?parent=12277"}],"wp:term":[{"taxonomy":"category","embeddable":true,"href":"https:\/\/www.best-dentist-dentistry.com\/de\/wp-json\/wp\/v2\/categories?post=12277"},{"taxonomy":"post_tag","embeddable":true,"href":"https:\/\/www.best-dentist-dentistry.com\/de\/wp-json\/wp\/v2\/tags?post=12277"}],"curies":[{"name":"wp","href":"https:\/\/api.w.org\/{rel}","templated":true}]}}