{"id":12373,"date":"2012-08-09T02:24:37","date_gmt":"2012-08-09T02:24:37","guid":{"rendered":null},"modified":"-0001-11-30T00:00:00","modified_gmt":"-0001-11-30T00:00:00","slug":"pope-pays-homage-to-patron-saint-of-cuba-to-ask-for-faith-and-changes","status":"publish","type":"post","link":"https:\/\/www.best-dentist-dentistry.com\/de\/pope-pays-homage-to-patron-saint-of-cuba-to-ask-for-faith-and-changes\/12373","title":{"rendered":"Papst ehrt Schutzpatron von Kuba, glauben und \u00c4nderungen fordern"},"content":{"rendered":"<p class=\"first\"> EL COBRE, Kuba (Reuters) &#8211; Papst Benedikt XVI besuchen am Dienstag das Heiligtum von El Cobre, einer kleinen Stadt nahe Santiago De Cuba, die Heimat der Virgen De La Caridad, ein nationales Symbol, die St\u00e4rke der Kirche auf eine gr\u00f6\u00dfere Rolle in der Mitte die Transformationen mit Blick auf die sozialistische Nation Gebot gegeben hat.<\/p>\n<p>Der Heilige Vater bat Kubaner w\u00e4hrend seiner massiven Messe am Montag in Santiago de Chile, eine neue Gesellschaft bauen, &#8220;offen und fair&#8221; Beenden Sie zun\u00e4chst auf einer Reise von drei Tagen, dass viele Menschen erwarten, gr\u00f6\u00dfere Offenheit der Regierung sensibel wie Menschenrechte und politischen Freiheiten diskutieren generieren.<\/p>\n<p>&#8220;Im Zuge der so viele Pilger, ich will gehen zum Kupfer ich an den F\u00fc\u00dfen der Mutter Gottes werfe (und) Fragen ihre F\u00fcrsprache die Sie lenken die Ziele dieser geliebten Nation auf den Pfaden der Gerechtigkeit, Frieden, Freiheit und Vers\u00f6hnung,&#8221; sagte nach seiner Ankunft in dem Land nach einem Besuch in Mexiko.<\/p>\n<p>Im vergangenen Jahr die Prozession der ein Replikat des Bildes auf der ganzen Insel wiederbelebt den Glauben an ein Land, war offiziell Atheist bis 1992 und f\u00fchrte zu den Besuch des Papstes 14 Jahre her ist Johannes Paul II die feindselige Beziehung zwischen der Kirche und der Regierung seit dem Triumph der Revolution 1959 aufgeweicht.<\/p>\n<p>Pilgerreise zu feiern Jubil\u00e4um Anzahlder 400 seine Entdeckung im Meer von den Fischern lockte Hunderttausende Anh\u00e4nger sowohl die katholischen als auch die Santer\u00eda, eine Spiritualit\u00e4t der afrikanischen Wurzeln das bekannt als Och\u00fan, G\u00f6ttin der Liebe.<\/p>\n<p>, Sondern auch eine Probe von dem wachsenden Einfluss der Kirche in Kuba, das die einflussreichsten Institution nach der Kommunistischen Partei &#8211; nur vom Besuch des polnischen Papstes geworden war in der Land- und wichtigsten Gespr\u00e4chspartner der Regierung bei sensiblen Themen wie Dissidentengruppen legal.<\/p>\n<p>Essential Kirche<\/p>\n<p>Der Papst wird einen privaten Besuch am Morgen nach dem Aufenthalt in einer Residenz in der N\u00e4he von Heiligtum und f\u00e4hrt sp\u00e4ter in Havanna Treffen mit Pr\u00e4sident Raul Castro.<\/p>\n<p>Dar\u00fcber hinaus die Spitze des Staates Vatikan finden konnte mit Fidel Castro, F\u00fchrer der Revolution und seinem venezolanischen Verb\u00fcndeten Hugo Chavez, wer ist f\u00fcr den Umgang mit Strahlentherapie des Krebs, der in Kuba diagnostiziert wurde im vergangenen Jahr.<\/p>\n<p>Ist jedoch nicht auf Publikum f\u00fcr Oppositionsgruppen, die beklagen, dass die Beh\u00f6rden seine Heiligkeit verzerrte Wirklichkeit zeigen w\u00e4hrend die Regierung, die sie im Sold der USA, das Land zu destabilisieren, beschuldigen vorgesehen.<\/p>\n<p>Der Bischof von Rom moderiert seine Rede nach vorne Kommentare, die vorangegangen seiner Ankunft \u00fcber das Scheitern des Kommunismus in Kuba, aber behielt seine Vision, dass das Land braucht neue Wege und Modelle voranzubringen und die Kirche bereit ist zu helfen, wenn sie verlassen.<\/p>\n<p>&#8220;bleiben viele M\u00f6glichkeiten, in denen und aufsteigen sollte, vor allem zu den wesentlichen Beitrag, die die Religion zu berufen ist, in der \u00d6ffentlichkeit der Gesellschaft zu spielen&#8221;, sagte den Papst, der auch die 50 Jahren des Wirtschaftsembargos Auswirkungen auf Kuba USA kritisiert hat.<\/p>\n<p>Da nahm er offiziell den Vorsitz in 2008 nach dem R\u00fccktritt von seinem Bruder aus Gr\u00fcnden der Gesundheit, Raul Castro hat Reformen, um die Wirtschaft zu beleben, ohne Verzicht auf die marxistische Ideologie, Generierung von Erwartungen und \u00c4ngste in einem Land, das seit Jahrzehnten zu den Zentralismus der Sowjet-Stil gew\u00f6hnt.<\/p>\n<p>Mehr als RELIGION<\/p>\n<p>La Virgen De La Caridad ist eine Ikone, die Religion \u00fcbersteigt: zuerst von kubanischen Nationalisten verehrt, Bild begleitet viele von den Rebellen, die in die Sierra Maestra Berge unter der F\u00fchrung von Fidel Castro und Ernesto &#8220;Che&#8221; Guevara, Gesicht und den Diktator Fulgencio Batista zu st\u00fcrzen, in den 1950er Jahren stieg.<\/p>\n<p>Die Mutter von Fidel und Raul, die Br\u00fcder des Landes Schicksal seit mehr als f\u00fcnfzig Jahren gerichtet haben Links ein paar kleine Statuetten von Gold ihrer Kinder die N\u00e4chstenliebe f\u00fcr den Sieg der Rebellen Fragen.<\/p>\n<p>Ernest Hemingway den Nobelpreis f\u00fcr Literatur, der im Jahr 1954 gewann, obwohl es ist nicht mehr auf dem Display seit &#8220;verschwinden&#8221; ein paar Tage im Jahr 1986 die Virgin-Medaille gestiftet.<\/p>\n<p>In der bescheidenen Heiligtum des El Cobre, der Papst werden nationale Verehrung zu dieser Bef\u00fcrwortung der Jungfrau, wo jedes Jahr Tausende Kubaner kommen um Gef\u00e4lligkeiten aller Art, Krankheiten, erhalten ein Visum f\u00fcr Reisen ins Ausland, bitten oder danken Ihre F\u00fcrbitte in schwierigen Zeiten zeugen.<\/p>\n<p>&#8220;Danke liebe Mutter (Madonna) f\u00fcr alles, was, die er mir gegeben hat.&#8221; &#8220;Bitte, helfen Sie mir bald mit der Familie zu sein&#8221;, schrieb ein ehemaliger Hauptmann, w\u00e4hrend er seine kostbare Grad in der Kapelle der Angebote am Tag vor dem Papstbesuch hinterlegt.<\/p>\n<p>Troph\u00e4en, Medaillen, Karnevalsmasken, Rollst\u00fchle, Baseball, Sperren von Haaren und B\u00e4lle bis Bier Dosen schm\u00fccken den Altar von der kleinen Bildnis.<\/p>\n<p>&#8220;Dies ist eine besondere Hingabe, Spiritismus und sogar Santeria Praxis.&#8221; &#8220;Und ist ein Weg, die Angst, diese religi\u00f6sen Praktiken zu verlieren&#8221;, sagte der Nachrichtenagentur Reuters den Priester des Heiligtums, Jorge Palma, auf ein Land wo nach Jahren der anti-clericalism religi\u00f6sen Synkretismus vermehren.<\/p>\n<p>(Enrique Andr\u00e9s Brezel Zusatzbericht.) (Herausgegeben von Silene Ram\u00edrez)<\/p>\n","protected":false},"excerpt":{"rendered":"<p>EL COBRE, Kuba (Reuters) &#8211; Papst Benedikt XVI besuchen am Dienstag das Heiligtum von El Cobre, einer kleinen Stadt nahe Santiago De Cuba, die Heimat der Virgen De La Caridad, ein nationales Symbol, die St\u00e4rke der Kirche auf eine gr\u00f6\u00dfere Rolle in der Mitte die Transformationen mit Blick auf die sozialistische Nation Gebot gegeben hat. [&hellip;]<\/p>\n","protected":false},"author":1,"featured_media":0,"comment_status":"close","ping_status":"open","sticky":false,"template":"","format":"standard","meta":{"footnotes":""},"categories":[3],"tags":[23384],"class_list":["post-12373","post","type-post","status-publish","format-standard","hentry","category-allgemeine","tag-unerlaubten","et-doesnt-have-format-content","et_post_format-et-post-format-standard"],"_links":{"self":[{"href":"https:\/\/www.best-dentist-dentistry.com\/de\/wp-json\/wp\/v2\/posts\/12373","targetHints":{"allow":["GET"]}}],"collection":[{"href":"https:\/\/www.best-dentist-dentistry.com\/de\/wp-json\/wp\/v2\/posts"}],"about":[{"href":"https:\/\/www.best-dentist-dentistry.com\/de\/wp-json\/wp\/v2\/types\/post"}],"author":[{"embeddable":true,"href":"https:\/\/www.best-dentist-dentistry.com\/de\/wp-json\/wp\/v2\/users\/1"}],"replies":[{"embeddable":true,"href":"https:\/\/www.best-dentist-dentistry.com\/de\/wp-json\/wp\/v2\/comments?post=12373"}],"version-history":[{"count":0,"href":"https:\/\/www.best-dentist-dentistry.com\/de\/wp-json\/wp\/v2\/posts\/12373\/revisions"}],"wp:attachment":[{"href":"https:\/\/www.best-dentist-dentistry.com\/de\/wp-json\/wp\/v2\/media?parent=12373"}],"wp:term":[{"taxonomy":"category","embeddable":true,"href":"https:\/\/www.best-dentist-dentistry.com\/de\/wp-json\/wp\/v2\/categories?post=12373"},{"taxonomy":"post_tag","embeddable":true,"href":"https:\/\/www.best-dentist-dentistry.com\/de\/wp-json\/wp\/v2\/tags?post=12373"}],"curies":[{"name":"wp","href":"https:\/\/api.w.org\/{rel}","templated":true}]}}