{"id":12395,"date":"2012-08-09T02:53:44","date_gmt":"2012-08-09T02:53:44","guid":{"rendered":null},"modified":"-0001-11-30T00:00:00","modified_gmt":"-0001-11-30T00:00:00","slug":"the-vice-president-of-colombia-out-of-intensive-care-unit","status":"publish","type":"post","link":"https:\/\/www.best-dentist-dentistry.com\/de\/the-vice-president-of-colombia-out-of-intensive-care-unit\/12395","title":{"rendered":"Der Vizepr\u00e4sident von Kolumbien aus der Intensivstation"},"content":{"rendered":"<p class=\"first\"> Bogota, 29 jun (EFE).-der Vize-Pr\u00e4sident Kolumbiens, Angelino Garz\u00f3n, zugelassen in ein Krankenhaus in Bogot\u00e1 am 14. Juni durch eine zerebrale Isch\u00e4mie (Reduktion der Hirndurchblutung), heute verlie\u00df der Intensivstation, sagte in einer Erkl\u00e4rung heute medizinische Einrichtung.<\/p>\n<p>Klinische K\u00f6nigin Sofia, wo es Garz\u00f3n bleibt, berichtete, dass der Vizepr\u00e4sident &#8220;entwickelt sich positiv&#8221;, &#8220;wei\u00df&#8221; und &#8220;ist jetzt ganzheitliche Rehabilitation die wichtigste Herausforderung der neuen \u00c4ra, die in seiner Behandlung weiterhin&#8221;.<\/p>\n<p>Der kolumbianischen Vizepr\u00e4sidenten &#8220;wurde verschoben von der Intensivstation auf ein Zimmer, unter strengen klinischen \u00dcberwachung,&#8221; sagte der Hinweis, das tr\u00e4gt die Unterschrift des wissenschaftlichen Direktors, Andres Caballero.<\/p>\n<p>Garz\u00f3n, 65, unterzog sich am 21. Juni erholend&#8221;Gehirn&#8221; induzierte zur Vermeidung eine m\u00f6gliche Verschlechterung der Gebiet betroffen von der Verletzung, das Mittelhirn, die Vitalfunktionen, laut \u00c4rzte Kompromisse.<\/p>\n<p>Extraktion des Vereins, war Garz\u00f3n Juan Manuel Santos Formel f\u00fcr das Erreichen der Kolumbien-Pr\u00e4sidentschaft im Jahr 2010. Beide 7. August desselben Jahres vereidigt.<\/p>\n<p>Tage nach seinem Amtsantritt die Vizepr\u00e4sidentschaft, Garz\u00f3n erlitt ein Herzleiden, die mit Erfolg und seitdem betrieben wurde eine spezielle Di\u00e4t unterliegt. EFE<\/p>\n","protected":false},"excerpt":{"rendered":"<p>Bogota, 29 jun (EFE).-der Vize-Pr\u00e4sident Kolumbiens, Angelino Garz\u00f3n, zugelassen in ein Krankenhaus in Bogot\u00e1 am 14. Juni durch eine zerebrale Isch\u00e4mie (Reduktion der Hirndurchblutung), heute verlie\u00df der Intensivstation, sagte in einer Erkl\u00e4rung heute medizinische Einrichtung. Klinische K\u00f6nigin Sofia, wo es Garz\u00f3n bleibt, berichtete, dass der Vizepr\u00e4sident &#8220;entwickelt sich positiv&#8221;, &#8220;wei\u00df&#8221; und &#8220;ist jetzt ganzheitliche Rehabilitation [&hellip;]<\/p>\n","protected":false},"author":1,"featured_media":0,"comment_status":"close","ping_status":"open","sticky":false,"template":"","format":"standard","meta":{"footnotes":""},"categories":[3],"tags":[],"class_list":["post-12395","post","type-post","status-publish","format-standard","hentry","category-allgemeine","et-doesnt-have-format-content","et_post_format-et-post-format-standard"],"_links":{"self":[{"href":"https:\/\/www.best-dentist-dentistry.com\/de\/wp-json\/wp\/v2\/posts\/12395","targetHints":{"allow":["GET"]}}],"collection":[{"href":"https:\/\/www.best-dentist-dentistry.com\/de\/wp-json\/wp\/v2\/posts"}],"about":[{"href":"https:\/\/www.best-dentist-dentistry.com\/de\/wp-json\/wp\/v2\/types\/post"}],"author":[{"embeddable":true,"href":"https:\/\/www.best-dentist-dentistry.com\/de\/wp-json\/wp\/v2\/users\/1"}],"replies":[{"embeddable":true,"href":"https:\/\/www.best-dentist-dentistry.com\/de\/wp-json\/wp\/v2\/comments?post=12395"}],"version-history":[{"count":0,"href":"https:\/\/www.best-dentist-dentistry.com\/de\/wp-json\/wp\/v2\/posts\/12395\/revisions"}],"wp:attachment":[{"href":"https:\/\/www.best-dentist-dentistry.com\/de\/wp-json\/wp\/v2\/media?parent=12395"}],"wp:term":[{"taxonomy":"category","embeddable":true,"href":"https:\/\/www.best-dentist-dentistry.com\/de\/wp-json\/wp\/v2\/categories?post=12395"},{"taxonomy":"post_tag","embeddable":true,"href":"https:\/\/www.best-dentist-dentistry.com\/de\/wp-json\/wp\/v2\/tags?post=12395"}],"curies":[{"name":"wp","href":"https:\/\/api.w.org\/{rel}","templated":true}]}}