{"id":12443,"date":"2012-08-10T02:35:34","date_gmt":"2012-08-10T02:35:34","guid":{"rendered":null},"modified":"-0001-11-30T00:00:00","modified_gmt":"-0001-11-30T00:00:00","slug":"morales-back-and-suspended-increase-in-working-hours-of-health-sector","status":"publish","type":"post","link":"https:\/\/www.best-dentist-dentistry.com\/de\/morales-back-and-suspended-increase-in-working-hours-of-health-sector\/12443","title":{"rendered":"morales back and suspended increase in working hours of health sector"},"content":{"rendered":"<p class=\"first\"> Frieden, 4. Mai (<span class=\"yshortcuts\" id=\"lw_1336178655_1\"> EFE<\/span>).-dem bolivianischen Pr\u00e4sidenten <span class=\"yshortcuts\" id=\"lw_1336178655_0\"> Evo Morales<\/span>, fiel heute in ihrer Entscheidung von sechs bis acht Stunden erh\u00f6hen die <span class=\"yshortcuts\" id=\"lw_1336178655_2\"> Arbeitszeit<\/span> von \u00c4rzten und Arbeiter der staatlichen Krankenh\u00e4usern, belagert von Protesten in diesem Sektor in den vergangenen sechs Wochen.<\/p>\n<p>In einer Erkl\u00e4rung, ohne dass Fragen aus der Presse und am Ende eines Tages der Proteste, der Gouverneur k\u00fcndigte an, dass &#8220;zur Aussetzung der Anwendungs&#8221; der das Dekret, das um zwei Stunden Arbeit steigt in den Sektoren im Konflikt auf Zeit und genannt f\u00fcr Juli einen &#8220;nationalen Gipfel&#8221; um diese Ma\u00dfnahme zu \u00fcberdenken.<\/p>\n<p>&#8220;Wird dieser Gipfel nicht nur sein zu diskutieren, wenn sie sind acht Stunden Arbeit (&#8230;)&#8221; &#8220;Das ist auch die Gesundheit in Bolivien, v\u00f6llig \u00e4ndern&#8221;, sagte Morales.<\/p>\n<p>\u00c4rzte und medizinische Fachkr\u00e4fte sind arbeitslos seit vergangenen M\u00e4rz 28, bildeten sich verschiedene Hungerstreik Streikposten und f\u00fchren t\u00e4glich Demonstrationen und Blockaden im ganzen Land das Dekret ablehnen, das Ihren Arbeitstag erh\u00f6ht. EFE<\/p>\n","protected":false},"excerpt":{"rendered":"<p>Frieden, 4. Mai ( EFE).-dem bolivianischen Pr\u00e4sidenten Evo Morales, fiel heute in ihrer Entscheidung von sechs bis acht Stunden erh\u00f6hen die Arbeitszeit von \u00c4rzten und Arbeiter der staatlichen Krankenh\u00e4usern, belagert von Protesten in diesem Sektor in den vergangenen sechs Wochen. In einer Erkl\u00e4rung, ohne dass Fragen aus der Presse und am Ende eines Tages der [&hellip;]<\/p>\n","protected":false},"author":1,"featured_media":0,"comment_status":"close","ping_status":"open","sticky":false,"template":"","format":"standard","meta":{"footnotes":""},"categories":[3],"tags":[],"class_list":["post-12443","post","type-post","status-publish","format-standard","hentry","category-allgemeine","et-doesnt-have-format-content","et_post_format-et-post-format-standard"],"_links":{"self":[{"href":"https:\/\/www.best-dentist-dentistry.com\/de\/wp-json\/wp\/v2\/posts\/12443","targetHints":{"allow":["GET"]}}],"collection":[{"href":"https:\/\/www.best-dentist-dentistry.com\/de\/wp-json\/wp\/v2\/posts"}],"about":[{"href":"https:\/\/www.best-dentist-dentistry.com\/de\/wp-json\/wp\/v2\/types\/post"}],"author":[{"embeddable":true,"href":"https:\/\/www.best-dentist-dentistry.com\/de\/wp-json\/wp\/v2\/users\/1"}],"replies":[{"embeddable":true,"href":"https:\/\/www.best-dentist-dentistry.com\/de\/wp-json\/wp\/v2\/comments?post=12443"}],"version-history":[{"count":0,"href":"https:\/\/www.best-dentist-dentistry.com\/de\/wp-json\/wp\/v2\/posts\/12443\/revisions"}],"wp:attachment":[{"href":"https:\/\/www.best-dentist-dentistry.com\/de\/wp-json\/wp\/v2\/media?parent=12443"}],"wp:term":[{"taxonomy":"category","embeddable":true,"href":"https:\/\/www.best-dentist-dentistry.com\/de\/wp-json\/wp\/v2\/categories?post=12443"},{"taxonomy":"post_tag","embeddable":true,"href":"https:\/\/www.best-dentist-dentistry.com\/de\/wp-json\/wp\/v2\/tags?post=12443"}],"curies":[{"name":"wp","href":"https:\/\/api.w.org\/{rel}","templated":true}]}}