{"id":12481,"date":"2012-08-10T03:00:11","date_gmt":"2012-08-10T03:00:11","guid":{"rendered":null},"modified":"-0001-11-30T00:00:00","modified_gmt":"-0001-11-30T00:00:00","slug":"llamazares-reform-of-abortion-is-in-the-field-of-religious-propaganda","status":"publish","type":"post","link":"https:\/\/www.best-dentist-dentistry.com\/de\/llamazares-reform-of-abortion-is-in-the-field-of-religious-propaganda\/12481","title":{"rendered":"LLAMAZARES: Reform der Abtreibung ist im Bereich der religi\u00f6sen propaganda"},"content":{"rendered":"<p class=\"first\"> Torres (Ja\u00e9n), 25 jul (EFE).-Mitglied der Izquierda Unida, Gaspar Llamazares, der Auffassung, dass die Abtreibung-Reform von der Regierung vorgeschlagen, &#8220;Wir sind nicht auf dem Gebiet des Rechts&#8221;, aber &#8220;Wir sind im Bereich der religi\u00f6sen Propaganda und Agitation&#8221;.<\/p>\n<p>Llamazares sagte, in Aussagen zu Reportern vor der Teilnahme an den Sommerkursen an der Universit\u00e4t Ja\u00e9n, unter der Leitung von Richter Garz\u00f3n, hoffe, dass es nur ein Vorschlag, &#8220;denn das Justizministerium zunehmend ein Ministerium f\u00fcr Agitation und Propaganda&#8221;.<\/p>\n<p>, Der Stellvertreter von Izquierda Unida, der Vorschlag hat nichts mit der fr\u00fcheren demokratischen B\u00fchne, sondern mit der Zeit der Diktatur zu tun.<\/p>\n<p>Da seiner Meinung nach &#8220;wir nicht auf freiwillige Beendigung der Schwangerschaft, aber therapeutische Abtreibung, wo nur vergleichen wir mit den L\u00e4ndern, wo die religi\u00f6sen Fundalentalismo der Frau Recht vorangestellt ist, Gesetze sind&#8221;.<\/p>\n<p>Glaubt auch, dass die mit dem Risiko des m\u00fctterlichen oder fetalen Fehlbildungen, zu tun hat keine Diskussion im Rahmen der Verfassung und &#8220;Ja hat mehr zu tun mit der Konferenz der Bisch\u00f6fe und religi\u00f6sen Fundamentalismus&#8221;.<\/p>\n","protected":false},"excerpt":{"rendered":"<p>Torres (Ja\u00e9n), 25 jul (EFE).-Mitglied der Izquierda Unida, Gaspar Llamazares, der Auffassung, dass die Abtreibung-Reform von der Regierung vorgeschlagen, &#8220;Wir sind nicht auf dem Gebiet des Rechts&#8221;, aber &#8220;Wir sind im Bereich der religi\u00f6sen Propaganda und Agitation&#8221;. Llamazares sagte, in Aussagen zu Reportern vor der Teilnahme an den Sommerkursen an der Universit\u00e4t Ja\u00e9n, unter der [&hellip;]<\/p>\n","protected":false},"author":1,"featured_media":0,"comment_status":"close","ping_status":"open","sticky":false,"template":"","format":"standard","meta":{"footnotes":""},"categories":[3],"tags":[23486,23488,23487],"class_list":["post-12481","post","type-post","status-publish","format-standard","hentry","category-allgemeine","tag-gebaut","tag-propaganda","tag-religisen","et-doesnt-have-format-content","et_post_format-et-post-format-standard"],"_links":{"self":[{"href":"https:\/\/www.best-dentist-dentistry.com\/de\/wp-json\/wp\/v2\/posts\/12481","targetHints":{"allow":["GET"]}}],"collection":[{"href":"https:\/\/www.best-dentist-dentistry.com\/de\/wp-json\/wp\/v2\/posts"}],"about":[{"href":"https:\/\/www.best-dentist-dentistry.com\/de\/wp-json\/wp\/v2\/types\/post"}],"author":[{"embeddable":true,"href":"https:\/\/www.best-dentist-dentistry.com\/de\/wp-json\/wp\/v2\/users\/1"}],"replies":[{"embeddable":true,"href":"https:\/\/www.best-dentist-dentistry.com\/de\/wp-json\/wp\/v2\/comments?post=12481"}],"version-history":[{"count":0,"href":"https:\/\/www.best-dentist-dentistry.com\/de\/wp-json\/wp\/v2\/posts\/12481\/revisions"}],"wp:attachment":[{"href":"https:\/\/www.best-dentist-dentistry.com\/de\/wp-json\/wp\/v2\/media?parent=12481"}],"wp:term":[{"taxonomy":"category","embeddable":true,"href":"https:\/\/www.best-dentist-dentistry.com\/de\/wp-json\/wp\/v2\/categories?post=12481"},{"taxonomy":"post_tag","embeddable":true,"href":"https:\/\/www.best-dentist-dentistry.com\/de\/wp-json\/wp\/v2\/tags?post=12481"}],"curies":[{"name":"wp","href":"https:\/\/api.w.org\/{rel}","templated":true}]}}