{"id":12579,"date":"2012-08-12T02:45:38","date_gmt":"2012-08-12T02:45:38","guid":{"rendered":null},"modified":"-0001-11-30T00:00:00","modified_gmt":"-0001-11-30T00:00:00","slug":"the-girl-who-inspired-the-argentine-death-with-dignity-law-dies","status":"publish","type":"post","link":"https:\/\/www.best-dentist-dentistry.com\/de\/the-girl-who-inspired-the-argentine-death-with-dignity-law-dies\/12579","title":{"rendered":"the girl who inspired the argentine death with dignity law dies"},"content":{"rendered":"<p class=\"first\"> Buenos <span class=\"yshortcuts\" id=\"lw_1339173253_2\"> Aires<\/span>, 8 jun (<span class=\"yshortcuts\" id=\"lw_1339173253_0\"> EFE<\/span>).-das <span class=\"yshortcuts\" id=\"lw_1339173253_3\"> M\u00e4dchen<\/span> von 3 Jahren, deren Fall zu der Verabschiedung des Gesetzes beschlossen auf 9 f\u00fchrte, kann durch den Tod des argentinischen Senats Digna starb nach heute von der Atemschutzmaske, die es lebendig, lokale Medien gehalten getrennt werden berichtet.<\/p>\n<p>Camila Sanchez, 3 Jahre alt, starb am Donnerstag im Krankenhaus Centro Gallego de Buenos Aires von einer nicht-traumatischen Herzstillstand, zwei Stunden nach der von der Beatmungsger\u00e4t getrennt werden.<\/p>\n<p>Das M\u00e4dchen geboren am 27. April 2009 mit einer zerebralen Hypoxie, die Atmung w\u00e4hrend der Geburt ihn gehindert und fiel ins Koma trotz Reanimation Versuche.<\/p>\n<p>Eine viermonatige unterzog sich eine Tracheotomie und war implantiert einen Magen-Button, mit dem er, bis gestern blieb.<\/p>\n<p>Im Fall von Camila wurde im Oktober 2011, wenn sich seine Mutter in einem Schreiben an den Pr\u00e4sidenten von Argentinien, Cristina Fernandez, in der sie forderten eine \u00c4nderung im Gesetz f\u00fcr die Anerkennung des Rechts auf einen w\u00fcrdigen Tod und beschwerte sich, dass ihre Tochter das Opfer eine &#8220;klare therapeutische Eigensinn&#8221; wurde enth\u00fcllt.<\/p>\n<p>Das Gesetz des Todes Digna, einstimmig vom argentinischen Senat im Mai, ist das Recht der Patienten, die Leiden von irreversiblen, unheilbare Krankheiten oder terminal Bedingung, um den R\u00fcckzug der F\u00f6rderma\u00dfnahmen Leben freiwillig entscheiden oder ihrer Erziehungsberechtigten f\u00fcr Minderj\u00e4hrige verankert. EFE<\/p>\n","protected":false},"excerpt":{"rendered":"<p>Buenos Aires, 8 jun ( EFE).-das M\u00e4dchen von 3 Jahren, deren Fall zu der Verabschiedung des Gesetzes beschlossen auf 9 f\u00fchrte, kann durch den Tod des argentinischen Senats Digna starb nach heute von der Atemschutzmaske, die es lebendig, lokale Medien gehalten getrennt werden berichtet. Camila Sanchez, 3 Jahre alt, starb am Donnerstag im Krankenhaus Centro [&hellip;]<\/p>\n","protected":false},"author":1,"featured_media":0,"comment_status":"close","ping_status":"open","sticky":false,"template":"","format":"standard","meta":{"footnotes":""},"categories":[3],"tags":[],"class_list":["post-12579","post","type-post","status-publish","format-standard","hentry","category-allgemeine","et-doesnt-have-format-content","et_post_format-et-post-format-standard"],"_links":{"self":[{"href":"https:\/\/www.best-dentist-dentistry.com\/de\/wp-json\/wp\/v2\/posts\/12579","targetHints":{"allow":["GET"]}}],"collection":[{"href":"https:\/\/www.best-dentist-dentistry.com\/de\/wp-json\/wp\/v2\/posts"}],"about":[{"href":"https:\/\/www.best-dentist-dentistry.com\/de\/wp-json\/wp\/v2\/types\/post"}],"author":[{"embeddable":true,"href":"https:\/\/www.best-dentist-dentistry.com\/de\/wp-json\/wp\/v2\/users\/1"}],"replies":[{"embeddable":true,"href":"https:\/\/www.best-dentist-dentistry.com\/de\/wp-json\/wp\/v2\/comments?post=12579"}],"version-history":[{"count":0,"href":"https:\/\/www.best-dentist-dentistry.com\/de\/wp-json\/wp\/v2\/posts\/12579\/revisions"}],"wp:attachment":[{"href":"https:\/\/www.best-dentist-dentistry.com\/de\/wp-json\/wp\/v2\/media?parent=12579"}],"wp:term":[{"taxonomy":"category","embeddable":true,"href":"https:\/\/www.best-dentist-dentistry.com\/de\/wp-json\/wp\/v2\/categories?post=12579"},{"taxonomy":"post_tag","embeddable":true,"href":"https:\/\/www.best-dentist-dentistry.com\/de\/wp-json\/wp\/v2\/tags?post=12579"}],"curies":[{"name":"wp","href":"https:\/\/api.w.org\/{rel}","templated":true}]}}