{"id":12607,"date":"2012-08-12T03:03:03","date_gmt":"2012-08-12T03:03:03","guid":{"rendered":null},"modified":"-0001-11-30T00:00:00","modified_gmt":"-0001-11-30T00:00:00","slug":"colombia-vice-president-offers-to-mediate-in-dialogue-between-santos-and-uribe","status":"publish","type":"post","link":"https:\/\/www.best-dentist-dentistry.com\/de\/colombia-vice-president-offers-to-mediate-in-dialogue-between-santos-and-uribe\/12607","title":{"rendered":"Kolumbien Vice President bietet im Dialog zwischen Santos und Uribe zu vermitteln"},"content":{"rendered":"<p class=\"first\"> Bogota, 6 Aug (EFE).-der Vize-Pr\u00e4sident Kolumbiens, Angelino Garzon, machte seine erste \u00f6ffentliche Erkl\u00e4rung nach Gehirn-Isch\u00e4mie, die letzten Juni erlitten und Angeboten zur F\u00f6rderung eines Dialogs zwischen Pr\u00e4sident Juan Manuel Santos und Exmandatario Alvaro Uribe, dass sie heute ihre Differenzen beigelegt.<\/p>\n<p>&#8220;Ein Dialog, der f\u00fchrt zu einer Einigung der Einheit und nationale Vers\u00f6hnung, das Land sie bittet schreien, es ist ein Verst\u00e4ndnis zwischen diese beiden Anf\u00fchrer, und ich glaube, dass wo wir helfen k\u00f6nnen, wir Hilfe brauchen,&#8221; sagte in einem Interview mit der nationalen Polizei.<\/p>\n<p>Um zu tun, also, laut Vizepr\u00e4sident konnte greifen auf die Einberufung einer verfassungsgebenden Versammlung, eine Initiative, die im Kongress der Republik, Juan Carlos Velez und Miguel Gomez, f\u00fchren beide u Partei MPs.<\/p>\n<p>&#8220;Was ich am meisten Liebe, \u00fcber dieses Thema des Bestandteils, ist, dass es einen Mechanismus ist, mit dem einen br\u00fcderlichen und aufrichtigen Dialog zwischen Pr\u00e4sident Juan Manuel Santos und ehemaliger Pr\u00e4sident Alvaro Uribe zu diesem Zeitpunkt k\u00f6nnen und sie in voller \u00dcbereinstimmung der Einheit und nationale Vers\u00f6hnung werden,&#8221; betonte.<\/p>\n<p>Diesem Vorschlag zu einer verfassungsgebenden Nationalversammlung verfasst von Delegaten mit Bezug zu Uribe, grunds\u00e4tzlich soll die Rechtspflege zu reformieren, Gemeinschaftsinitiative, dass Pr\u00e4sident Santos abgelehnt und die gro\u00dfe Kontroverse in den letzten Wochen generiert hat.<\/p>\n<p>Zur\u00fcck in Richtung ihrer Garz\u00f3n l\u00f6ste Kritik aus der Liberalen Basis, die auch Fragen nach dem R\u00fccktritt des Vizepr\u00e4sidenten zu verstehen, dass es Widerstand gegen die Regierung von Pr\u00e4sident Santos machte.<\/p>\n<p>Ist das Verh\u00e4ltnis des aktuellen Vertreters, die sein Vorg\u00e4nger und politischer Pate war in diesen ersten beiden Jahre der Regierung des Heiligen, wegen der Ablehnung von Uribe zu einigen ihrer Politik, die von Ihrem Konto im sozialen Netzwerk Twitter stark kritisiert wurde d\u00fcnner.<\/p>\n<p>Obwohl Santos hat bei zahlreichen Gelegenheiten gesagt, dass sein Wunsch nicht Kampf mit Uribe, Antworten verschleiert ist deren Anschuldigungen haben in den Reden der letzten Monate multipliziert.<\/p>\n<p>&#8220;Ich als Vizepr\u00e4sident der Republik gehen zu diesem Dialog, helfen&#8221; Garzon bestand darauf, Anweisungen, die seine formalen mark zur\u00fcck zur Politik nach Gehirn Isch\u00e4mie, die hielt ihn in einem Krankenhaus Bogota f\u00fcr 22 Tage eingegeben und die war auch zu Hause wiederhergestellt.<\/p>\n<p>Garzon wurde ins Krankenhaus eingeliefert, seit letzten Juni 14, in das Mittelhirn, Punkt, der mehrere lebenswichtige Funktionen, verpflichtet sich Hirngef\u00e4\u00dferkrankungen vorgestellt wurde offenbar von einer Infektion der Prostata, aber nach ein paar Tagen in der Klinik leiden und die war Notfall betrieben. EFE<\/p>\n","protected":false},"excerpt":{"rendered":"<p>Bogota, 6 Aug (EFE).-der Vize-Pr\u00e4sident Kolumbiens, Angelino Garzon, machte seine erste \u00f6ffentliche Erkl\u00e4rung nach Gehirn-Isch\u00e4mie, die letzten Juni erlitten und Angeboten zur F\u00f6rderung eines Dialogs zwischen Pr\u00e4sident Juan Manuel Santos und Exmandatario Alvaro Uribe, dass sie heute ihre Differenzen beigelegt. &#8220;Ein Dialog, der f\u00fchrt zu einer Einigung der Einheit und nationale Vers\u00f6hnung, das Land sie [&hellip;]<\/p>\n","protected":false},"author":1,"featured_media":0,"comment_status":"close","ping_status":"open","sticky":false,"template":"","format":"standard","meta":{"footnotes":""},"categories":[3],"tags":[23616,23617,23618],"class_list":["post-12607","post","type-post","status-publish","format-standard","hentry","category-allgemeine","tag-euthanasie","tag-santos","tag-uribe","et-doesnt-have-format-content","et_post_format-et-post-format-standard"],"_links":{"self":[{"href":"https:\/\/www.best-dentist-dentistry.com\/de\/wp-json\/wp\/v2\/posts\/12607","targetHints":{"allow":["GET"]}}],"collection":[{"href":"https:\/\/www.best-dentist-dentistry.com\/de\/wp-json\/wp\/v2\/posts"}],"about":[{"href":"https:\/\/www.best-dentist-dentistry.com\/de\/wp-json\/wp\/v2\/types\/post"}],"author":[{"embeddable":true,"href":"https:\/\/www.best-dentist-dentistry.com\/de\/wp-json\/wp\/v2\/users\/1"}],"replies":[{"embeddable":true,"href":"https:\/\/www.best-dentist-dentistry.com\/de\/wp-json\/wp\/v2\/comments?post=12607"}],"version-history":[{"count":0,"href":"https:\/\/www.best-dentist-dentistry.com\/de\/wp-json\/wp\/v2\/posts\/12607\/revisions"}],"wp:attachment":[{"href":"https:\/\/www.best-dentist-dentistry.com\/de\/wp-json\/wp\/v2\/media?parent=12607"}],"wp:term":[{"taxonomy":"category","embeddable":true,"href":"https:\/\/www.best-dentist-dentistry.com\/de\/wp-json\/wp\/v2\/categories?post=12607"},{"taxonomy":"post_tag","embeddable":true,"href":"https:\/\/www.best-dentist-dentistry.com\/de\/wp-json\/wp\/v2\/tags?post=12607"}],"curies":[{"name":"wp","href":"https:\/\/api.w.org\/{rel}","templated":true}]}}