{"id":12632,"date":"2012-08-13T02:24:07","date_gmt":"2012-08-13T02:24:07","guid":{"rendered":null},"modified":"-0001-11-30T00:00:00","modified_gmt":"-0001-11-30T00:00:00","slug":"the-pope-starts-his-journey-to-latin-america","status":"publish","type":"post","link":"https:\/\/www.best-dentist-dentistry.com\/de\/the-pope-starts-his-journey-to-latin-america\/12632","title":{"rendered":"the pope starts his journey to latin america"},"content":{"rendered":"<p class=\"first\"> Rom (Reuters) &#8211; Papst <span class=\"yshortcuts\" id=\"lw_1332502866_0\"> Benedikt XVI.<\/span> ging am Freitag \u00f6ffentlich auf einem <span class=\"yshortcuts\" id=\"lw_1332502866_1\"> Stock<\/span> zum ersten Mal in sein <span class=\"yshortcuts\" id=\"lw_1332502866_2\"> Pontifikat<\/span> zu Beginn seiner <span class=\"yshortcuts\" id=\"lw_1332502866_3\"> Reise<\/span> nach <span class=\"yshortcuts\" id=\"lw_1332502866_4\"> Lateinamerika<\/span>, ein Beispiel f\u00fcr seine zunehmende k\u00f6rperliche <span class=\"yshortcuts\" id=\"lw_1332502866_5\"> Schw\u00e4che<\/span> unterst\u00fctzt.<\/p>\n<p>Den <span class=\"yshortcuts\" id=\"lw_1332502866_6\"> Papst<\/span>, die 85 Jahre alt n\u00e4chsten <span class=\"yshortcuts\" id=\"lw_1332502866_7\"> Monat<\/span> ging auf das Flugzeug am <span class=\"yshortcuts\" id=\"lw_1332502866_8\"> Flughafen<\/span> Fiumicino in Rom mit Hilfe von einem Stock, werden mehrere Vatikan Journalisten, den er auf seiner Reise nach Kuba und Mexiko sagte.<\/p>\n<p>Der Papst im vergangenen Jahr begann mit eine mobile Plattform um zu nicht zu Fu\u00df den Altar der St. Peter Basilika von.<\/p>\n<p>Der Vatikan sagte, dass der Papst die Plattform genutzt, um \u00dcberm\u00fcdung zu vermeiden und es gab keine gr\u00f6\u00dferen Bedenken \u00fcber Ihre Gesundheit.<\/p>\n<p>Benedikt XVI will ruhen f\u00fcr 24 Stunden bei der Ankunft in Mexiko von den Jetlag erholen in den letzten Jahren seines Lebens im Gegensatz zu den Terminkalender seines Vorg\u00e4ngers Johannes Paul II. bis zu seiner Gesundheit verschlechtern.<\/p>\n<p>Deutsche Papst war 78 Jahre alt, als er wurde gew\u00e4hlt, um die maximale wegen der katholischen Kirche und hat beschlossen, einen weniger anstrengenden Zeitplan, ihre Gesundheit zu bewahren, w\u00e4hrend Johannes Paul II. 58 zu Beginn seines Pontifikats war.<\/p>\n<p>Johannes Paul II, der im Jahr 2005 starb, unternahm 19 Reisen in Lateinamerika, eine Region in \u00fcberwiegend katholischen Mehrheit, das letzte von ihnen war er 82 Jahre alt.<\/p>\n<p>Der weniger aktiven Benedikt XVI., im April kommt das achte Jahr seines Pontifikats, macht seine zweite Reise nach Lateinamerika und der erste, der Spanisch sprechenden L\u00e4ndern in der Region nach einem Besuch in Brasilien 2007.<\/p>\n","protected":false},"excerpt":{"rendered":"<p>Rom (Reuters) &#8211; Papst Benedikt XVI. ging am Freitag \u00f6ffentlich auf einem Stock zum ersten Mal in sein Pontifikat zu Beginn seiner Reise nach Lateinamerika, ein Beispiel f\u00fcr seine zunehmende k\u00f6rperliche Schw\u00e4che unterst\u00fctzt. Den Papst, die 85 Jahre alt n\u00e4chsten Monat ging auf das Flugzeug am Flughafen Fiumicino in Rom mit Hilfe von einem Stock, [&hellip;]<\/p>\n","protected":false},"author":1,"featured_media":0,"comment_status":"close","ping_status":"open","sticky":false,"template":"","format":"standard","meta":{"footnotes":""},"categories":[3],"tags":[],"class_list":["post-12632","post","type-post","status-publish","format-standard","hentry","category-allgemeine","et-doesnt-have-format-content","et_post_format-et-post-format-standard"],"_links":{"self":[{"href":"https:\/\/www.best-dentist-dentistry.com\/de\/wp-json\/wp\/v2\/posts\/12632","targetHints":{"allow":["GET"]}}],"collection":[{"href":"https:\/\/www.best-dentist-dentistry.com\/de\/wp-json\/wp\/v2\/posts"}],"about":[{"href":"https:\/\/www.best-dentist-dentistry.com\/de\/wp-json\/wp\/v2\/types\/post"}],"author":[{"embeddable":true,"href":"https:\/\/www.best-dentist-dentistry.com\/de\/wp-json\/wp\/v2\/users\/1"}],"replies":[{"embeddable":true,"href":"https:\/\/www.best-dentist-dentistry.com\/de\/wp-json\/wp\/v2\/comments?post=12632"}],"version-history":[{"count":0,"href":"https:\/\/www.best-dentist-dentistry.com\/de\/wp-json\/wp\/v2\/posts\/12632\/revisions"}],"wp:attachment":[{"href":"https:\/\/www.best-dentist-dentistry.com\/de\/wp-json\/wp\/v2\/media?parent=12632"}],"wp:term":[{"taxonomy":"category","embeddable":true,"href":"https:\/\/www.best-dentist-dentistry.com\/de\/wp-json\/wp\/v2\/categories?post=12632"},{"taxonomy":"post_tag","embeddable":true,"href":"https:\/\/www.best-dentist-dentistry.com\/de\/wp-json\/wp\/v2\/tags?post=12632"}],"curies":[{"name":"wp","href":"https:\/\/api.w.org\/{rel}","templated":true}]}}