{"id":12857,"date":"2012-08-15T02:41:45","date_gmt":"2012-08-15T02:41:45","guid":{"rendered":null},"modified":"-0001-11-30T00:00:00","modified_gmt":"-0001-11-30T00:00:00","slug":"ends-11-day-strike-in-social-security-of-panama","status":"publish","type":"post","link":"https:\/\/www.best-dentist-dentistry.com\/de\/ends-11-day-strike-in-social-security-of-panama\/12857","title":{"rendered":"ends 11 day strike in social security of panama"},"content":{"rendered":"<p class=\"first\"> Panama, 24. Mai (EFE).-Arbeiter und \u00c4rztekammern der Fonds der sozialen Sicherheit (CSS) von Panama erreicht eine vorl\u00e4ufige Vereinbarung mit den Beh\u00f6rden des Landes Gesundheit heute und angek\u00fcndigt, dass morgen werden sie ihre Arbeit, nach elf Tagen Arbeitslosigkeit fortgesetzt.<\/p>\n<p>Der Streik begann am Tag 14, zwei Wochen nach, dass der Direktor des Fonds, Guillermo S\u00e1ez-Llorens, eine Lohnerh\u00f6hung, die stufenweise in zwei Teilen, der erste im Oktober und die zweite im n\u00e4chsten April, von 10 % bis 14 % f\u00fcr die Mitarbeiter der Agentur angek\u00fcndigt.<\/p>\n<p>Mit der Vermittlung der katholischen Kirche Parteien unterzeichneten Donnerstag eine vorl\u00e4ufige Vereinbarung, die unter anderem richtet den Neustart Morgen von medizinischen und administrativen Diensten sowie das Engagement der Regierung, die die Rabatte wiedereinzusetzen und Lohn-K\u00fcrzungen auf die Streikenden angewendet.<\/p>\n<p>Parteien vereinbart weiter am kommenden Montag auch Themen wie Handel Gewerkschaftsfreiheit, Gesundheitspolitik und Lohntarife, einschlie\u00dflich der Frage der angeblichen Absicht, Gesundheitsdienste des Landes zu privatisieren, die der Z\u00fcnfte, verurteilen aber die Regierung bestreitet Dialog.<\/p>\n<p>&#8220;Wirklich haben wir diese Vereinbarung um nicht der Bev\u00f6lkerung opfern und erh\u00e4lt, die das Recht auf Gesundheit&#8221;, sagte Reportern Juli Osorio, Leiter der nationalen Verhandlungsf\u00fchrer \u00c4rztekommission (Comenenal).<\/p>\n<p>Arbeiter und \u00c4rzte gekl\u00e4rt, die das Abkommen mit den Gesundheitsbeh\u00f6rden &#8220;nur&#8221; um die Arbeitslosigkeit zu erh\u00f6hen, aber sie behaupten, ihr Recht auf protest und Verteidigung der Gewerkschaftsfreiheit.<\/p>\n<p>Saez-Llorens sagte am Mittwoch, bis diesen Tag wurden rund 372 Termine und mindestens 2.500 Operationen, verloren, vor allem, weil die Patienten nicht an der Sozialversicherung teilgenommen haben &#8220;nicht, weil die nicht-medizinischen&#8221; in ihre Arbeitspl\u00e4tze wurden.<\/p>\n<p>Auch gestern Panamas Pr\u00e4sident Ricardo Martinelli, dr\u00e4ngte die Streikenden &#8220;zur\u00fcck zu ihren Posten&#8221; arbeiten und l\u00f6sen Sie den Konflikt, die zeitweilige Abst\u00fcrze von Stra\u00dfen und Zusammenst\u00f6\u00dfen mit der Polizei, ohne Registrierung von Gefangenen oder Verletzungen aber einige Sch\u00e4den an Autos enthalten einen runden Tisch-Dialog.<\/p>\n<p>Gilden haben darauf hingewiesen, dass sie aus Protest gegen das Versagen der Sozialversicherung und das Gesundheitsministerium von Vereinbarungen, die zuvor eingegebenen in Fragen der Gesundheitspolitik als Ausr\u00fcstung, Human Resources, Ausbildung, Gewerkschaftsfreiheit und Gehalt, unter anderen Skalen der Streik begann. EFE<\/p>\n","protected":false},"excerpt":{"rendered":"<p>Panama, 24. Mai (EFE).-Arbeiter und \u00c4rztekammern der Fonds der sozialen Sicherheit (CSS) von Panama erreicht eine vorl\u00e4ufige Vereinbarung mit den Beh\u00f6rden des Landes Gesundheit heute und angek\u00fcndigt, dass morgen werden sie ihre Arbeit, nach elf Tagen Arbeitslosigkeit fortgesetzt. Der Streik begann am Tag 14, zwei Wochen nach, dass der Direktor des Fonds, Guillermo S\u00e1ez-Llorens, eine [&hellip;]<\/p>\n","protected":false},"author":1,"featured_media":0,"comment_status":"close","ping_status":"open","sticky":false,"template":"","format":"standard","meta":{"footnotes":""},"categories":[3],"tags":[],"class_list":["post-12857","post","type-post","status-publish","format-standard","hentry","category-allgemeine","et-doesnt-have-format-content","et_post_format-et-post-format-standard"],"_links":{"self":[{"href":"https:\/\/www.best-dentist-dentistry.com\/de\/wp-json\/wp\/v2\/posts\/12857","targetHints":{"allow":["GET"]}}],"collection":[{"href":"https:\/\/www.best-dentist-dentistry.com\/de\/wp-json\/wp\/v2\/posts"}],"about":[{"href":"https:\/\/www.best-dentist-dentistry.com\/de\/wp-json\/wp\/v2\/types\/post"}],"author":[{"embeddable":true,"href":"https:\/\/www.best-dentist-dentistry.com\/de\/wp-json\/wp\/v2\/users\/1"}],"replies":[{"embeddable":true,"href":"https:\/\/www.best-dentist-dentistry.com\/de\/wp-json\/wp\/v2\/comments?post=12857"}],"version-history":[{"count":0,"href":"https:\/\/www.best-dentist-dentistry.com\/de\/wp-json\/wp\/v2\/posts\/12857\/revisions"}],"wp:attachment":[{"href":"https:\/\/www.best-dentist-dentistry.com\/de\/wp-json\/wp\/v2\/media?parent=12857"}],"wp:term":[{"taxonomy":"category","embeddable":true,"href":"https:\/\/www.best-dentist-dentistry.com\/de\/wp-json\/wp\/v2\/categories?post=12857"},{"taxonomy":"post_tag","embeddable":true,"href":"https:\/\/www.best-dentist-dentistry.com\/de\/wp-json\/wp\/v2\/tags?post=12857"}],"curies":[{"name":"wp","href":"https:\/\/api.w.org\/{rel}","templated":true}]}}