{"id":12917,"date":"2012-08-16T02:22:26","date_gmt":"2012-08-16T02:22:26","guid":{"rendered":null},"modified":"-0001-11-30T00:00:00","modified_gmt":"-0001-11-30T00:00:00","slug":"sanz-reiterates-the-need-for-compensation-to-provide-healthcare-to-the-basques","status":"publish","type":"post","link":"https:\/\/www.best-dentist-dentistry.com\/de\/sanz-reiterates-the-need-for-compensation-to-provide-healthcare-to-the-basques\/12917","title":{"rendered":"sanz reiterates the need for compensation to provide healthcare to the basques"},"content":{"rendered":"<p class=\"first\"> HARO (LA RIOJA), 20 (EUROPA PRESS)<\/p>\n<p>Der Pr\u00e4sident der Regierung von La Rioja, Pedro Sanz, hat heute morgen erneut die Notwendigkeit, &#8220;Ausgleich&#8221;, stammt aus &#8220;auch das Land der Baskisch, auch der Regierung Spanien, ohne die die Rioja nicht mehr Dienste bieten konnten&#8221; Gesundheit. Und ist, dass die Gesundheitsdienste an die Basken &#8220;weitem \u00fcberwiegen&#8221; zu den baskischen Land angeboten, Rioja. <\/p>\n<p>Sanz hat diese Aussagen auf Fragen von Reportern nach einem Treffen mit den B\u00fcrgermeistern von Haro. Es sei daran erinnert, dass vor ein paar Monaten die Gesundheit Kontroverse ausbrach, Patienten in mehreren Kommunen von Alava zu besuchen, die regelm\u00e4\u00dfig das Krankenhaus San Pedro de Logro\u00f1o aufgrund seiner N\u00e4he kam, als der Regierung La Rioja einstellte.<\/p>\n<p>Der Anf\u00fchrer der La Rioja Executive darauf hingewiesen, dass &#8220;es eine Vereinbarung mit Kastilien-Le\u00f3n gibt, wobei B\u00fcrger von Soria und Burgos, La Rioja kommen&#8221; und warum Rioja [in kleiner Zahl] &#8220;[Gehe zu Kastilien und Le\u00f3n].<\/p>\n<p>&#8220;<\/p>\n","protected":false},"excerpt":{"rendered":"<p>HARO (LA RIOJA), 20 (EUROPA PRESS) Der Pr\u00e4sident der Regierung von La Rioja, Pedro Sanz, hat heute morgen erneut die Notwendigkeit, &#8220;Ausgleich&#8221;, stammt aus &#8220;auch das Land der Baskisch, auch der Regierung Spanien, ohne die die Rioja nicht mehr Dienste bieten konnten&#8221; Gesundheit. Und ist, dass die Gesundheitsdienste an die Basken &#8220;weitem \u00fcberwiegen&#8221; zu den [&hellip;]<\/p>\n","protected":false},"author":1,"featured_media":0,"comment_status":"close","ping_status":"open","sticky":false,"template":"","format":"standard","meta":{"footnotes":""},"categories":[3],"tags":[],"class_list":["post-12917","post","type-post","status-publish","format-standard","hentry","category-allgemeine","et-doesnt-have-format-content","et_post_format-et-post-format-standard"],"_links":{"self":[{"href":"https:\/\/www.best-dentist-dentistry.com\/de\/wp-json\/wp\/v2\/posts\/12917","targetHints":{"allow":["GET"]}}],"collection":[{"href":"https:\/\/www.best-dentist-dentistry.com\/de\/wp-json\/wp\/v2\/posts"}],"about":[{"href":"https:\/\/www.best-dentist-dentistry.com\/de\/wp-json\/wp\/v2\/types\/post"}],"author":[{"embeddable":true,"href":"https:\/\/www.best-dentist-dentistry.com\/de\/wp-json\/wp\/v2\/users\/1"}],"replies":[{"embeddable":true,"href":"https:\/\/www.best-dentist-dentistry.com\/de\/wp-json\/wp\/v2\/comments?post=12917"}],"version-history":[{"count":0,"href":"https:\/\/www.best-dentist-dentistry.com\/de\/wp-json\/wp\/v2\/posts\/12917\/revisions"}],"wp:attachment":[{"href":"https:\/\/www.best-dentist-dentistry.com\/de\/wp-json\/wp\/v2\/media?parent=12917"}],"wp:term":[{"taxonomy":"category","embeddable":true,"href":"https:\/\/www.best-dentist-dentistry.com\/de\/wp-json\/wp\/v2\/categories?post=12917"},{"taxonomy":"post_tag","embeddable":true,"href":"https:\/\/www.best-dentist-dentistry.com\/de\/wp-json\/wp\/v2\/tags?post=12917"}],"curies":[{"name":"wp","href":"https:\/\/api.w.org\/{rel}","templated":true}]}}