{"id":12920,"date":"2012-08-16T02:22:41","date_gmt":"2012-08-16T02:22:41","guid":{"rendered":null},"modified":"-0001-11-30T00:00:00","modified_gmt":"-0001-11-30T00:00:00","slug":"uruguayan-government-claims-that-victims-of-nurses-are-without-a-doubt-many-more","status":"publish","type":"post","link":"https:\/\/www.best-dentist-dentistry.com\/de\/uruguayan-government-claims-that-victims-of-nurses-are-without-a-doubt-many-more\/12920","title":{"rendered":"uruguayan government claims that victims of nurses are without a doubt many more"},"content":{"rendered":"<p class=\"first\"> Montevideo, 20 M\u00e4rz (EFE).-der Minister f\u00fcr die Innenausstattung von Uruguay, Eduardo Bonomi, sagte heute, dass die Opfer von zwei Krankenschwestern f\u00fcr die Ermordung von Patienten auf der Intensivstation von Montevideo Einheiten versucht &#8220;ohne Zweifel&#8221; sind viele mehr als die 16 davon wurde anfangs gesprochen.<\/p>\n<p>&#8220;Es ist keine einfache Untersuchung&#8221;, &#8220;die Arbeit, die dem Richter passt ist wichtig&#8221;, weil es geglaubt wird, dass die kriminellen Aktivit\u00e4ten der Krankenschwestern &#8220;umfasst mehrere Jahre&#8221;, erkl\u00e4rt dieser Dienstag Bonomi zur Station Radio schnitzen.<\/p>\n<p>&#8220;, Die entdeckt worden ist, die medizinische Geschichte und den Tod von Menschen in relativ kurzer Zeit,&#8221; sagte der Minister, bevor besagt, dass er die M\u00f6glichkeit nicht ausschlie\u00dfen, dass die Verbrechen ausschlie\u00dflich zu &#8220;mehr als sieben Jahre&#8221; vor.<\/p>\n<p>Justizielle Quellen deuteten heute EfE zwar am Sonntag, w\u00e4hrend der Verh\u00f6re, der Angeklagte gestand f\u00fcnf und elf Morde jeweils um ihnen zu zeigen, Bilder, &#8220;in beiden F\u00e4llen die Krankenschwestern erkannt haben aufgeh\u00f6rt zu z\u00e4hlen&#8221;.<\/p>\n<p>&#8220;Noch haben keine genaue Zahl oder Zeitraum&#8221; Quellen hinzugef\u00fcgt, sch\u00e4tzungsweise Todesopfer &#8220;mehrere zehntausend&#8221;.<\/p>\n<p>Wie der uruguayischen Presse berichtet, Forscher an die Polizei, die begonnen hat, Berichte \u00fcber neue Verdachtsf\u00e4lle zu empfangen, spekulieren mit eine Zahl gr\u00f6\u00dfer als 200 F\u00e4lle, obwohl jetzt es nur Vermutungen ist.<\/p>\n<p>&#8220;Wollen nicht \u00fcber F\u00e4lle oder Fristen der Zeit, bis wir alle Informationen haben, zu sprechen, weil es zu ungenau zu sein empfindlich geworden ist&#8221;, entschuldigt den Medien Kommissar Inspektor San Angel Rosas, Koordinator der Generaldirektion der organisierten Kriminalit\u00e4t und Interpol.<\/p>\n<p>Genau auf eine dieser Fassungen, die verweist auf eine der Schwestern gestanden, ein Patient von Woche get\u00f6tet, sagte Bonomi zu herausarbeiten, dass &#8220;Polizei eine Figur etwas kleinere&#8221; Obwohl es Escud\u00f3 auch exakt sein.<\/p>\n<p>Der Minister erinnerte daran, dass &#8220;kl\u00e4ren ein Verbrechen Serien dieser Art in einem entwickelten Land dauerte 13 oder 18 Jahre&#8221; und der uruguayische Fall begann im Januar, wenn ein Teil der Belegschaft anonyme Beschwerde aufgetreten.<\/p>\n<p>Dank f\u00fcr die nachfolgenden Untersuchungen am vergangenen Freitag wurden verhaftet, die Krankenschwestern j. A.. F\u00fcr 46 Jahre und M. p. g., 39 Jahre, Arbeiter von der spanischen Vereinigung, eine gegenseitige angesehenen privaten Land und Maciel Hospital, des \u00f6ffentlichen Eigentums.<\/p>\n<p>Ein Bericht des Ministeriums f\u00fcr Gesundheit im Hospital Maciel durchgef\u00fchrt und heute gespielt von der Zeitung El Pais sagt, dass die Einheit von Herz (CCU), wo Pflege mehrere Todesf\u00e4lle, gab wurden von ein pl\u00f6tzlicher Anstieg der Sterblichkeitsrate w\u00e4hrend 2011.<\/p>\n<p>Die Mortalit\u00e4tsrate lagen zwischen 3 % und 4 % des Durchschnitts in den letzten f\u00fcnf Jahren, aber letztes Jahr gedreht bis zu 12 %.<\/p>\n<p>Neben der Krankenschwestern, die im Gef\u00e4ngnis, eine Krankenschwester, die einer von ihnen, wusste obwohl Justiz m\u00f6glich koordinierte Aktion jetzt verarbeitet wurde f\u00fcr Verschleierung.<\/p>\n<p>Jedoch Bonomi sprach Dienstag auf Radio schnitzen, dass es &#8220;eine Art Wettbewerb&#8221; zwischen den kriminellen, aber auch er sagte, dass &#8220;es viele Dinge, die nicht klar sind gibt&#8221; im Fall.<\/p>\n<p>Das Motiv f\u00fcr die Verbrechen, laut den Autoren war &#8220;ruhig&#8221; zu Opfern, obwohl das ist ein weiterer dunkler Punkt, gab den Minister, der m\u00f6gliche Zusammenh\u00e4nge zwischen dem Assassinen und Orgel des Drogenhandels Mafias grunds\u00e4tzlich abgewiesen, weil die Opfer waren alle &#8220;Personen im Alter&#8221;.<\/p>\n<p>Der Minister f\u00fcr Gesundheit, Jorge Venegas, <\/p>\n<p>muss angezeigt werden, dass Donnerstag vor dem Parlament, Erkl\u00e4rungen auf die Steuerelemente im Gesundheitswesen und in den n\u00e4chsten Stunden wird erwartet, dass der Vorsitzende im Fall Rolando Vomero, Richter eine Anklage des Angeklagten, zu verbreiten, die sicherlich neue Einblicke in einen Prozess, die verspricht bieten wird, lang sein. EFE<\/p>\n","protected":false},"excerpt":{"rendered":"<p>Montevideo, 20 M\u00e4rz (EFE).-der Minister f\u00fcr die Innenausstattung von Uruguay, Eduardo Bonomi, sagte heute, dass die Opfer von zwei Krankenschwestern f\u00fcr die Ermordung von Patienten auf der Intensivstation von Montevideo Einheiten versucht &#8220;ohne Zweifel&#8221; sind viele mehr als die 16 davon wurde anfangs gesprochen. &#8220;Es ist keine einfache Untersuchung&#8221;, &#8220;die Arbeit, die dem Richter passt [&hellip;]<\/p>\n","protected":false},"author":1,"featured_media":0,"comment_status":"close","ping_status":"open","sticky":false,"template":"","format":"standard","meta":{"footnotes":""},"categories":[3],"tags":[],"class_list":["post-12920","post","type-post","status-publish","format-standard","hentry","category-allgemeine","et-doesnt-have-format-content","et_post_format-et-post-format-standard"],"_links":{"self":[{"href":"https:\/\/www.best-dentist-dentistry.com\/de\/wp-json\/wp\/v2\/posts\/12920","targetHints":{"allow":["GET"]}}],"collection":[{"href":"https:\/\/www.best-dentist-dentistry.com\/de\/wp-json\/wp\/v2\/posts"}],"about":[{"href":"https:\/\/www.best-dentist-dentistry.com\/de\/wp-json\/wp\/v2\/types\/post"}],"author":[{"embeddable":true,"href":"https:\/\/www.best-dentist-dentistry.com\/de\/wp-json\/wp\/v2\/users\/1"}],"replies":[{"embeddable":true,"href":"https:\/\/www.best-dentist-dentistry.com\/de\/wp-json\/wp\/v2\/comments?post=12920"}],"version-history":[{"count":0,"href":"https:\/\/www.best-dentist-dentistry.com\/de\/wp-json\/wp\/v2\/posts\/12920\/revisions"}],"wp:attachment":[{"href":"https:\/\/www.best-dentist-dentistry.com\/de\/wp-json\/wp\/v2\/media?parent=12920"}],"wp:term":[{"taxonomy":"category","embeddable":true,"href":"https:\/\/www.best-dentist-dentistry.com\/de\/wp-json\/wp\/v2\/categories?post=12920"},{"taxonomy":"post_tag","embeddable":true,"href":"https:\/\/www.best-dentist-dentistry.com\/de\/wp-json\/wp\/v2\/tags?post=12920"}],"curies":[{"name":"wp","href":"https:\/\/api.w.org\/{rel}","templated":true}]}}