{"id":12922,"date":"2012-08-16T03:29:05","date_gmt":"2012-08-16T03:29:05","guid":{"rendered":null},"modified":"-0001-11-30T00:00:00","modified_gmt":"-0001-11-30T00:00:00","slug":"tomellosos-hospital-researchers-coordinated-the-creation-of-the-first-european-cases-of-esophagitis-record","status":"publish","type":"post","link":"https:\/\/www.best-dentist-dentistry.com\/de\/tomellosos-hospital-researchers-coordinated-the-creation-of-the-first-european-cases-of-esophagitis-record\/12922","title":{"rendered":"Tomelloso des Krankenhauses Forscher koordiniert die Erstellung der ersten europ\u00e4ischen F\u00e4lle von \u00d6sophagitis Datensatz."},"content":{"rendered":"<p><strong>Tomelloso des Krankenhauses Forscher koordiniert die Erstellung der ersten europ\u00e4ischen F\u00e4lle von \u00d6sophagitis Datensatz. <\/p>\n<p><\/strong><font size=\"2\"> <strong>mit der Teilnahme von 23 Krankenh\u00e4user in ganz Spanien.<\/strong> <\/p>\n<p>-Das Projekt wird zum Abrufen von Daten auf die klinische Pr\u00e4sentation der Krankheit, ihre Diagnose und Behandlung in spanischen Krankenh\u00e4usern erm\u00f6glichen <\/p>\n<p>-wird gef\u00f6rdert, indem der spanischen Vereinigung der Verdauungs-Apparat (AKKAD), die klinische Daten zwei Jahren gesammelt hat <\/p>\n<p> <strong>Spanien, August 2012.-<\/strong> Forscher in den Dienst des Verdauungssystems von General Hospital von Tomelloso (Ciudad Real)abh\u00e4ngig von der Regierung von Castilla &#8211; La Mancha, Spanien, koordiniert die Erstellung des ersten Datensatzes, der in Europa F\u00e4lle von Eosinophile \u00d6sophagitis, eine chronische Krankheit erfolgt deren allergischen Ursprungs Entz\u00fcndung des \u00d6sophagus verursacht. <\/p>\n<p>Ziel des Projekts ist es zum Abrufen von Daten \u00fcber das klinische Bild der Krankheit, ihre Diagnose und Behandlung in spanische Krankenh\u00e4user, um die Realit\u00e4t der Hilfe f\u00fcr diese Patienten zu identifizieren, gemeinsame Strategien und zuk\u00fcnftige Studien zu koordinieren. <\/p>\n<p align=\"center\"><img loading=\"lazy\" decoding=\"async\" title=\"\" height=\"338\" alt=\"\" src=\"http:\/\/www.best-dentist-dentistry.com\/best-dentist-images\/translateapiexception-ip-is-over-the-quota-id1035v2jsontranslate27f706a3.jpg\" width=\"427\" align=\"baseline\" border=\"0\"\/><\/p>\n<p><em>Doctor Alfredo Lucendo, responsable de Digestivo Hospital Tomelloso.<\/em><\/p>\n<p>Die j\u00fcngste Anerkennung der \u00d6sophagitis allergischen Ursprungs als chronische Krankheit, die beschriebene erste 1994 und die geringe Zahl der diagnostizierten F\u00e4lle war, haben nur begrenzte Intervention Protokolle. <\/p>\n<p>Diese multizentrische Registry bestehend aus 23 spanische Krankenh\u00e4user, ist die erste, die in Europa durchgef\u00fchrt wird, da gab es keine gemeinsamen methodischen Werkzeuge f\u00fcr die Behandlung der Krankheit, mit Ausnahme derjenigen, die in den USA auftreten. <\/p>\n<p>Die Forschung wird gef\u00f6rdert, indem der spanischen Vereinigung der Verdauungs-Apparat (AKKAD), Daten klinischer, analytischen und therapeutischen aller Spanien Patienten mit \u00d6sophagitis, die seit zwei Jahren gesammelt hat und haben dazu beigetragen, Gastroenterologen und Allergologen 23 Zentren. Partner diagnostiziert. <\/p>\n<p>So haben wir analysiert, 700 Patienten mit einem Durchschnittsalter der Diagnose von 33 Jahren, von denen 81,5 % M\u00e4nner waren. <\/p>\n<p align=\"center\"><img loading=\"lazy\" decoding=\"async\" title=\"\" height=\"300\" alt=\"\" src=\"http:\/\/www.best-dentist-dentistry.com\/best-dentist-images\/translateapiexception-ip-is-over-the-quota-id1035v2jsontranslate27f706a3.jpg\" width=\"450\" align=\"baseline\" border=\"0\"\/><\/p>\n<p>Entre las conclusiones iniciales del proyecto se detecta un retraso diagn&oacute;stico y gran heterogeneidad en el manejo cl&iacute;nico de la enfermedad. Zwei Variablen, die Paliadas mit multizentrischen Register der klinischen Realit\u00e4t der \u00d6sophagitis in Spanien, die voraussichtlich in den kommenden Wochen neue Ergebnisse zu erzielen sein sollen. <\/p>\n<p><\/font><\/p>\n","protected":false},"excerpt":{"rendered":"<p>Tomelloso des Krankenhauses Forscher koordiniert die Erstellung der ersten europ\u00e4ischen F\u00e4lle von \u00d6sophagitis Datensatz. mit der Teilnahme von 23 Krankenh\u00e4user in ganz Spanien. -Das Projekt wird zum Abrufen von Daten auf die klinische Pr\u00e4sentation der Krankheit, ihre Diagnose und Behandlung in spanischen Krankenh\u00e4usern erm\u00f6glichen -wird gef\u00f6rdert, indem der spanischen Vereinigung der Verdauungs-Apparat (AKKAD), die klinische [&hellip;]<\/p>\n","protected":false},"author":1,"featured_media":0,"comment_status":"close","ping_status":"open","sticky":false,"template":"","format":"standard","meta":{"footnotes":""},"categories":[3],"tags":[23961,23962],"class_list":["post-12922","post","type-post","status-publish","format-standard","hentry","category-allgemeine","tag-sophagitis","tag-datensatz","et-doesnt-have-format-content","et_post_format-et-post-format-standard"],"_links":{"self":[{"href":"https:\/\/www.best-dentist-dentistry.com\/de\/wp-json\/wp\/v2\/posts\/12922","targetHints":{"allow":["GET"]}}],"collection":[{"href":"https:\/\/www.best-dentist-dentistry.com\/de\/wp-json\/wp\/v2\/posts"}],"about":[{"href":"https:\/\/www.best-dentist-dentistry.com\/de\/wp-json\/wp\/v2\/types\/post"}],"author":[{"embeddable":true,"href":"https:\/\/www.best-dentist-dentistry.com\/de\/wp-json\/wp\/v2\/users\/1"}],"replies":[{"embeddable":true,"href":"https:\/\/www.best-dentist-dentistry.com\/de\/wp-json\/wp\/v2\/comments?post=12922"}],"version-history":[{"count":0,"href":"https:\/\/www.best-dentist-dentistry.com\/de\/wp-json\/wp\/v2\/posts\/12922\/revisions"}],"wp:attachment":[{"href":"https:\/\/www.best-dentist-dentistry.com\/de\/wp-json\/wp\/v2\/media?parent=12922"}],"wp:term":[{"taxonomy":"category","embeddable":true,"href":"https:\/\/www.best-dentist-dentistry.com\/de\/wp-json\/wp\/v2\/categories?post=12922"},{"taxonomy":"post_tag","embeddable":true,"href":"https:\/\/www.best-dentist-dentistry.com\/de\/wp-json\/wp\/v2\/tags?post=12922"}],"curies":[{"name":"wp","href":"https:\/\/api.w.org\/{rel}","templated":true}]}}