{"id":1297,"date":"2013-05-23T23:08:08","date_gmt":"2013-05-23T23:08:08","guid":{"rendered":null},"modified":"2013-05-23T23:08:08","modified_gmt":"2013-05-23T23:08:08","slug":"president-of-ecuador-will-go-to-new-york-but-will-not-attend-un-assembly","status":"publish","type":"post","link":"https:\/\/www.best-dentist-dentistry.com\/de\/president-of-ecuador-will-go-to-new-york-but-will-not-attend-un-assembly\/1297","title":{"rendered":"Pr\u00e4sident Ecuadors wird nach New York gehen aber UN Assembly wird nicht teilnehmen"},"content":{"rendered":"<p>Quito, 10 Sep (EFE).-der Pr\u00e4sident von Ecuador, Rafael Correa, werden in New York am 22. und 23. September weiter aber wird die j\u00e4hrliche Ministertagung der Generalversammlung der Vereinten Nationen nicht teilnehmen, werden statt in die gleiche Daten.<\/p>\n<p>So was heute berichtet eigenen Vertreter in ihrem \u00fcblichen Programm des Samstag, in der erkl\u00e4rt seinen Besuch in New York bestimmt ist, F\u00f6rderung das Umwelt-Projekt Yasun\u00ed-ITT.<\/p>\n<p>CORREA sagte, dass es ein parallel treffen, um die Tagung der Vereinten Nationen teilnehmen wird, es wird auch unterst\u00fctzt durch den Generalsekret\u00e4r der Vereinten Nationen, Ban Ki-Moon, die \u00e4u\u00dferte seine Unterst\u00fctzung f\u00fcr die Initiative der \u00d6kologe ecuadorianischen.<\/p>\n<p>&#8220;Ich werde nicht zur Teilnahme an der Vollversammlung, scheint es ineffizient, niemand h\u00f6rt, sie sind 200 reden&#8230;&#8221; &#8220;Die Zeit verlieren&#8221;, sagte Correa, dessen Regierung tief greifende fordert \u00c4nderungen in der Organisation der Nationen Vereinigten.<\/p>\n<p>Der Vertreter festgestellt, da\u00df das Treffen zur F\u00f6rderung der Yasun\u00ed-ITT-Initiative kann mit der Anwesenheit von besonderen G\u00e4sten, die erkl\u00e4rt, das Projekt.<\/p>\n<p>Initiative fordert die internationale Gemeinschaft Entsch\u00e4digung, mindestens die H\u00e4lfte (3,6 Milliarden Dollar mehr als 12 Jahre), dass das Einkommen Ecuador von der Ausbeutung der Ishpingo war gesalzen Chile sauce, Tambococha und Tiputini Felder (mit Reservierungen f\u00fcr mehr als 800 Millionen Barrel Roh\u00f6l) befindet sich in dem Park Yasun\u00ed.<\/p>\n<p>Das Projekt w\u00fcrde die Emissionen in die Atmosph\u00e4re von etwa 400 Millionen Tonnen Kohlendioxid und die Gefahr einer Kontamination im Bereich als ein Heiligtum f\u00fcr die biologische Vielfalt verhindern. EFE<\/p>\n","protected":false},"excerpt":{"rendered":"<p>Quito, 10 Sep (EFE).-der Pr\u00e4sident von Ecuador, Rafael Correa, werden in New York am 22. und 23. September weiter aber wird die j\u00e4hrliche Ministertagung der Generalversammlung der Vereinten Nationen nicht teilnehmen, werden statt in die gleiche Daten. So was heute berichtet eigenen Vertreter in ihrem \u00fcblichen Programm des Samstag, in der erkl\u00e4rt seinen Besuch in [&hellip;]<\/p>\n","protected":false},"author":1,"featured_media":0,"comment_status":"close","ping_status":"open","sticky":false,"template":"","format":"standard","meta":{"footnotes":""},"categories":[3],"tags":[5337,5338,5339,5341,5340],"class_list":["post-1297","post","type-post","status-publish","format-standard","hentry","category-allgemeine","tag-abtreibung","tag-ecuadors","tag-new","tag-teilnehmen","tag-un-assembly","et-doesnt-have-format-content","et_post_format-et-post-format-standard"],"_links":{"self":[{"href":"https:\/\/www.best-dentist-dentistry.com\/de\/wp-json\/wp\/v2\/posts\/1297","targetHints":{"allow":["GET"]}}],"collection":[{"href":"https:\/\/www.best-dentist-dentistry.com\/de\/wp-json\/wp\/v2\/posts"}],"about":[{"href":"https:\/\/www.best-dentist-dentistry.com\/de\/wp-json\/wp\/v2\/types\/post"}],"author":[{"embeddable":true,"href":"https:\/\/www.best-dentist-dentistry.com\/de\/wp-json\/wp\/v2\/users\/1"}],"replies":[{"embeddable":true,"href":"https:\/\/www.best-dentist-dentistry.com\/de\/wp-json\/wp\/v2\/comments?post=1297"}],"version-history":[{"count":0,"href":"https:\/\/www.best-dentist-dentistry.com\/de\/wp-json\/wp\/v2\/posts\/1297\/revisions"}],"wp:attachment":[{"href":"https:\/\/www.best-dentist-dentistry.com\/de\/wp-json\/wp\/v2\/media?parent=1297"}],"wp:term":[{"taxonomy":"category","embeddable":true,"href":"https:\/\/www.best-dentist-dentistry.com\/de\/wp-json\/wp\/v2\/categories?post=1297"},{"taxonomy":"post_tag","embeddable":true,"href":"https:\/\/www.best-dentist-dentistry.com\/de\/wp-json\/wp\/v2\/tags?post=1297"}],"curies":[{"name":"wp","href":"https:\/\/api.w.org\/{rel}","templated":true}]}}