{"id":1299,"date":"2013-07-25T11:08:15","date_gmt":"2013-07-25T11:08:15","guid":{"rendered":null},"modified":"2013-07-25T11:08:15","modified_gmt":"2013-07-25T11:08:15","slug":"ortega-cano-hospitalized-due-to-an-infectious-process","status":"publish","type":"post","link":"https:\/\/www.best-dentist-dentistry.com\/de\/ortega-cano-hospitalized-due-to-an-infectious-process\/1299","title":{"rendered":"Ortega Cano aufgrund einer&#8221;ansteckend&#8221; ins Krankenhaus eingeliefert"},"content":{"rendered":"<p>Sevilla, 12 Sep (EFE).-der Torero Jos\u00e9 Ortega Cano, die gestern von Notfall-Krankenhaus Virgen Macarena von Sevilla, bleibt f\u00fcr &#8220;eine infekti\u00f6se Prozess eine intraven\u00f6se Antibiotika-Therapie&#8221;, ins Krankenhaus eingeliefert, wie erkl\u00e4rt Efe Quellen Gesundheit.<\/p>\n<p>Die gleichen Quellen haben nicht die Zeit, die im Krankenhaus bleiben wird angegeben in die geplant Doppelpunkt operiert am kommenden Mittwoch aufgrund einer die Folgen werden, f\u00fchrte die Verkehrsunfall, in dem das Fahrzeug fahren kollidierte, mit einem anderen Passagier dessen Fahrer starb.<\/p>\n<p>Haben nicht erkl\u00e4rt werden, wenn diese Krankheit verursacht Mitgliedschaft mit zwingt oder nicht zu verz\u00f6gern dieser Intervention zun\u00e4chst auf innerhalb 48 Stunden.<\/p>\n<p>Gesundheit-Quellen von Efe konsultiert haben darauf hingewiesen, da\u00df &#8220;bei der Leitung der Familie&#8221; nicht weitere Informationen \u00fcber den Gesundheitszustand der Stierk\u00e4mpfer enthalten k\u00f6nnte.<\/p>\n<p>In den fr\u00fchen Morgenstunden von heute Morgen, sagte Quellen der Kanzlei, die ihm nach dem Unfall er am 28 erlitt, Efe, die durch &#8220;einen Herpes Zoster, die Teil des K\u00f6rpers&#8221; Spitaleintritt am Nachmittag des Sonntags von Ortega Cano war.<\/p>\n<p>Nach der Unfall in der Nacht vom 28 Mai, auf einer Stra\u00dfe in den kommunalen Castilblanca de Los Arroyos (Sevilla), wurde Ortega Cano nach Virgin Macarena Krankenhaus \u00fcberf\u00fchrt und blieb in der bis am 11.<\/p>\n<p>Der Inhaber des Sevillas, die untersucht die Umst\u00e4nde des Unfalls, hat unterstellte Stierk\u00e4mpfer f\u00fcr ein Verbrechen des Mordes von leichtsinnigen und zwei gegen Road Sicherheit.<\/p>\n<p>Ortega Cano,, die ein Mercedes SUV, 320, zum Zeitpunkt des Unfalls fuhr erschien am Freitag vor dem Richter, sagte, dass er Geschwindigkeitsbegrenzungen jederzeit respektiert und dass in dieser Nacht &#8220;nur Lippen nassen&#8221; beschuldigt, mit einem Glas Sekt.<\/p>\n<p>Seinem Anwalt zur\u00fcckzuf\u00fchren auf ein &#8220;Vah\u00eddo oder Benommenheit, wegen der Herzrhythmusst\u00f6rungen, die leiden, die Tatsache, dass es das entgegengesetzte Lane und Colisionase gegen Seat Altea von Carlos Parra, 48 Jahre besetzt starb.<\/p>\n<p>Erlitt der Richter des Unfalls durch die Stierk\u00e4mpfer heute Erkl\u00e4rung zwei Zeugen, die sah ihn voraus \u00fcberspringen eine durchgehende Linie und dringen in den entgegengesetzten Track. EFE<\/p>\n","protected":false},"excerpt":{"rendered":"<p>Sevilla, 12 Sep (EFE).-der Torero Jos\u00e9 Ortega Cano, die gestern von Notfall-Krankenhaus Virgen Macarena von Sevilla, bleibt f\u00fcr &#8220;eine infekti\u00f6se Prozess eine intraven\u00f6se Antibiotika-Therapie&#8221;, ins Krankenhaus eingeliefert, wie erkl\u00e4rt Efe Quellen Gesundheit. Die gleichen Quellen haben nicht die Zeit, die im Krankenhaus bleiben wird angegeben in die geplant Doppelpunkt operiert am kommenden Mittwoch aufgrund einer [&hellip;]<\/p>\n","protected":false},"author":1,"featured_media":0,"comment_status":"close","ping_status":"open","sticky":false,"template":"","format":"standard","meta":{"footnotes":""},"categories":[3],"tags":[5346,5347,5345],"class_list":["post-1299","post","type-post","status-publish","format-standard","hentry","category-allgemeine","tag-cano","tag-eingeliefert","tag-ortega","et-doesnt-have-format-content","et_post_format-et-post-format-standard"],"_links":{"self":[{"href":"https:\/\/www.best-dentist-dentistry.com\/de\/wp-json\/wp\/v2\/posts\/1299","targetHints":{"allow":["GET"]}}],"collection":[{"href":"https:\/\/www.best-dentist-dentistry.com\/de\/wp-json\/wp\/v2\/posts"}],"about":[{"href":"https:\/\/www.best-dentist-dentistry.com\/de\/wp-json\/wp\/v2\/types\/post"}],"author":[{"embeddable":true,"href":"https:\/\/www.best-dentist-dentistry.com\/de\/wp-json\/wp\/v2\/users\/1"}],"replies":[{"embeddable":true,"href":"https:\/\/www.best-dentist-dentistry.com\/de\/wp-json\/wp\/v2\/comments?post=1299"}],"version-history":[{"count":0,"href":"https:\/\/www.best-dentist-dentistry.com\/de\/wp-json\/wp\/v2\/posts\/1299\/revisions"}],"wp:attachment":[{"href":"https:\/\/www.best-dentist-dentistry.com\/de\/wp-json\/wp\/v2\/media?parent=1299"}],"wp:term":[{"taxonomy":"category","embeddable":true,"href":"https:\/\/www.best-dentist-dentistry.com\/de\/wp-json\/wp\/v2\/categories?post=1299"},{"taxonomy":"post_tag","embeddable":true,"href":"https:\/\/www.best-dentist-dentistry.com\/de\/wp-json\/wp\/v2\/tags?post=1299"}],"curies":[{"name":"wp","href":"https:\/\/api.w.org\/{rel}","templated":true}]}}