{"id":13067,"date":"2012-08-18T02:44:53","date_gmt":"2012-08-18T02:44:53","guid":{"rendered":null},"modified":"-0001-11-30T00:00:00","modified_gmt":"-0001-11-30T00:00:00","slug":"the-concerted-health-sector-provides-an-80-million-impact-from-the-increase-in-vat","status":"publish","type":"post","link":"https:\/\/www.best-dentist-dentistry.com\/de\/the-concerted-health-sector-provides-an-80-million-impact-from-the-increase-in-vat\/13067","title":{"rendered":"the concerted health sector provides an 80 million impact from the increase in vat"},"content":{"rendered":"<p class=\"first\"> BARCELONA, 12 (EUROPA PRESS)<\/p>\n<p>Die Gesundheit Arbeitgeber konzertierte La Uni\u00f3 und Consorci de Salut ich Social de Catalunya gesch\u00e4tzten Auswirkungen von 80 Millionen Euro j\u00e4hrlich in separaten Konten der Ausbeutung als Ergebnis von der MwSt-Erh\u00f6hung bei 21 %, also behauptet haben Entsch\u00e4digungen f\u00fcr die Verwaltung.<\/p>\n<p>Gespr\u00e4ch mit Europa Press La Uni\u00f3, Manel-Website, Pr\u00e4sident und Direktor der Consorci, Ramon Conillera, ausgedr\u00fcckt haben wichtige &#8220;Sorge&#8221; f\u00fcr den Aufstieg, die oben am Hang von 2 % der Tarife und Reduzierung von der Einstellung der Aktivit\u00e4ten zwischen 3 % und 7 % von der Regierung im vergangenen Jahr vorgeschriebenen aufbauen sollte.<\/p>\n<p>&#8220;Es ist eine direkte unsere Kosten zu erh\u00f6hen&#8221;, erkl\u00e4rt Site, wer aufgerufen zum Verst\u00e4ndnis mit einem Sektor, der bereits f\u00fcr mehrere Bem\u00fchungen dazu aufgefordert werden, als auch gemerkt M\u00e9ndez behauptet die Berufung des \u00f6ffentlichen Dienstes der Landkreis Krankenh\u00e4user und Centros Sociosanitarios konzertierte darstellt.<\/p>\n<p>Site gesch\u00e4tzt, dass die Auswirkungen auf den Konten der Ausbeutung f\u00fcr den Kauf von Produkten und Dienstleistungen werden 1,4 Prozent der Ausgaben, die 40 Millionen Euro darstellen, sie bel\u00e4uft sich auf 50 Millionen, wenn man, das Kapitel \u00fcber die Investition von Werken oder den Kauf einer Maschine f\u00fcr die Zentren bedenkt.<\/p>\n<p>&#8220;Der Sektor ist sehr strafbar mit K\u00fcrzungen bereits umgesetzt, und wir m\u00f6chten, dass die Mehrwertsteuer nicht Gesundheits- und Sozialeinrichtungen auswirkt&#8221;, weil am Ende und nach dem Verkauf Service f\u00fcr die Verwaltung, der F\u00fchrer des Arbeitgebers, argumentiert hat jetzt unter der Leitung des Ministers f\u00fcr Gesundheit von der Generalitat, Boi Ruiz, hatte bestand auf behauptet die Abschaffung der Mehrwertsteuer f\u00fcr den Kauf von Gesundheitsdienstleistungen.<\/p>\n<p>Beide haben behauptet, Entsch\u00e4digung aus der Verwaltung der Adresse dieser Kosten und M\u00e9ndez hat vorger\u00fcckt werden gebeten einen schnellen Dialog mit der katalanischen Regierung um dieses Problem zu beheben.<\/p>\n<p>&#8220;Wir m\u00fcssen gehen, um f\u00fcr Einkommen, zu suchen und wenn wir nicht k\u00f6nnen, wir m\u00fcssen schauen was Elemente ausschneiden k\u00f6nnen,&#8221; sagte der Generaldirektor des Konsortiums, die uns daran erinnert, dass die Zentren Defizit tun k\u00f6nnen, weil verbieten es den Gesetzen des Staates zu tun.<\/p>\n","protected":false},"excerpt":{"rendered":"<p>BARCELONA, 12 (EUROPA PRESS) Die Gesundheit Arbeitgeber konzertierte La Uni\u00f3 und Consorci de Salut ich Social de Catalunya gesch\u00e4tzten Auswirkungen von 80 Millionen Euro j\u00e4hrlich in separaten Konten der Ausbeutung als Ergebnis von der MwSt-Erh\u00f6hung bei 21 %, also behauptet haben Entsch\u00e4digungen f\u00fcr die Verwaltung. Gespr\u00e4ch mit Europa Press La Uni\u00f3, Manel-Website, Pr\u00e4sident und Direktor [&hellip;]<\/p>\n","protected":false},"author":1,"featured_media":0,"comment_status":"close","ping_status":"open","sticky":false,"template":"","format":"standard","meta":{"footnotes":""},"categories":[3],"tags":[],"class_list":["post-13067","post","type-post","status-publish","format-standard","hentry","category-allgemeine","et-doesnt-have-format-content","et_post_format-et-post-format-standard"],"_links":{"self":[{"href":"https:\/\/www.best-dentist-dentistry.com\/de\/wp-json\/wp\/v2\/posts\/13067","targetHints":{"allow":["GET"]}}],"collection":[{"href":"https:\/\/www.best-dentist-dentistry.com\/de\/wp-json\/wp\/v2\/posts"}],"about":[{"href":"https:\/\/www.best-dentist-dentistry.com\/de\/wp-json\/wp\/v2\/types\/post"}],"author":[{"embeddable":true,"href":"https:\/\/www.best-dentist-dentistry.com\/de\/wp-json\/wp\/v2\/users\/1"}],"replies":[{"embeddable":true,"href":"https:\/\/www.best-dentist-dentistry.com\/de\/wp-json\/wp\/v2\/comments?post=13067"}],"version-history":[{"count":0,"href":"https:\/\/www.best-dentist-dentistry.com\/de\/wp-json\/wp\/v2\/posts\/13067\/revisions"}],"wp:attachment":[{"href":"https:\/\/www.best-dentist-dentistry.com\/de\/wp-json\/wp\/v2\/media?parent=13067"}],"wp:term":[{"taxonomy":"category","embeddable":true,"href":"https:\/\/www.best-dentist-dentistry.com\/de\/wp-json\/wp\/v2\/categories?post=13067"},{"taxonomy":"post_tag","embeddable":true,"href":"https:\/\/www.best-dentist-dentistry.com\/de\/wp-json\/wp\/v2\/tags?post=13067"}],"curies":[{"name":"wp","href":"https:\/\/api.w.org\/{rel}","templated":true}]}}