{"id":13162,"date":"2012-08-19T02:47:08","date_gmt":"2012-08-19T02:47:08","guid":{"rendered":null},"modified":"-0001-11-30T00:00:00","modified_gmt":"-0001-11-30T00:00:00","slug":"central-america-health-ministers-discuss-the-sector-in-dominican-republic","status":"publish","type":"post","link":"https:\/\/www.best-dentist-dentistry.com\/de\/central-america-health-ministers-discuss-the-sector-in-dominican-republic\/13162","title":{"rendered":"Mittelamerika Gesundheitsminister diskutieren den Sektor in Dominikanische Republik"},"content":{"rendered":"<p class=\"first\"> Santo Domingo, 3 jul (EFE).-der Minister und die Vertreter der zehn L\u00e4nder Mittelamerikas und der Karibik \u00fcberpr\u00fcft die n\u00e4chsten 5 und 6. Juli in Santo Domingo und Strategien der Gesundheitszustand in der Region, als auch seine Fortschritte und Herausforderungen, sagte heute das Ministerium f\u00fcr \u00f6ffentliche Gesundheit der Dominikanischen Republik.<\/p>\n<p>Themen besprochen werden beim XXVIII Treffen der Health Sector of Central America und Dominikanische Republik (Resscad), die in jenen Tagen in einem Hotel in der Hauptstadt stattfindet, nach einer Version aus dem Portfolio des lokalen Gesundheitswesens.<\/p>\n<p>Das Ziel des Forums ist die Errungenschaften dieser Institution w\u00e4hrend der letzten zehn Jahre und zuk\u00fcnftige Herausforderungen zu identifizieren, wird die Notiz hinzugef\u00fcgt.<\/p>\n<p>Die Themen diskutiert werden sind Gesundheit und Tourismus, umfassende Betreuung sucht, Vorbereitung und Gesundheit Sektor Reaktion auf Katastrophen und gesundheitlichen Krisen, Wasser und Hygiene und Gesundheit Dienstleistungen mit Qualit\u00e4t und ohne Ausgrenzung.<\/p>\n<p>Aktivit\u00e4t erm\u00f6glicht die Vertreter der teilnehmenden L\u00e4nder &#8220;in Abkommen der gemeinsamen Arbeit zwischen den Parteien, sowie die Aufnahme zu den Themen der Analyse der gesundheitlichen Lage der j\u00fcngsten Ereignisse in ihren Nationen registriert voraus&#8221;, erg\u00e4nzt die.<\/p>\n<p>In der Sitzung teilnehmen, der lokalen Gesundheitsminister Bautista Rojas Gomez und seine Kollegen Belize, Pablo Saul Marin; und Costa Rica, Daisy Stifte, sowie Vertretungen und Delegationen der Portfolios der Gesundheit, Panama, Guatemala, El Salvador, Honduras und Nicaragua, sowie Kuba und Haiti als special Guests.<\/p>\n<p>The Resscad ist ein Forum f\u00fcr Diskussion, Austausch von Erfahrungen und Analysen zu Fragen der Gesundheit und der Umwelt und integriert, neben den Verantwortlichen f\u00fcr Gesundheit, Sozialversicherungen und der Sektor Wasser und Abwasserentsorgung.<\/p>\n<p>Auch ist Teil des regionalen Gremiums unter der Pan American Health Organisation (PAHO), wer dient als technisches Sekretariat und das Gesundheitsministerium von Belize, die der EU-Ratspr\u00e4sidentschaft pro tempore der Resscad 2013 betr\u00e4gt.<\/p>\n<p>Agenda der Aktivit\u00e4t enth\u00e4lt einen Bericht \u00fcber die Einhaltung der Vereinbarungen der vorherigen Sitzung von der Resscad und Empfehlungen des neuen Termins, zust\u00e4ndig f\u00fcr Gesundheit Lizenznehmer Dominikaner, ein berechtigt Fortschritt &#8220;und Herausforderungen der Tagesordnung und Plan der Gesundheit von Zentralamerika und der Dominikanischen Republik&#8221;, durchgef\u00fchrt von Rolando Hern\u00e1ndez, Exekutiv-Sekret\u00e4r der Kommission von Minister von Mittelamerikas. EFE<\/p>\n","protected":false},"excerpt":{"rendered":"<p>Santo Domingo, 3 jul (EFE).-der Minister und die Vertreter der zehn L\u00e4nder Mittelamerikas und der Karibik \u00fcberpr\u00fcft die n\u00e4chsten 5 und 6. Juli in Santo Domingo und Strategien der Gesundheitszustand in der Region, als auch seine Fortschritte und Herausforderungen, sagte heute das Ministerium f\u00fcr \u00f6ffentliche Gesundheit der Dominikanischen Republik. Themen besprochen werden beim XXVIII Treffen [&hellip;]<\/p>\n","protected":false},"author":1,"featured_media":0,"comment_status":"close","ping_status":"open","sticky":false,"template":"","format":"standard","meta":{"footnotes":""},"categories":[3],"tags":[24212],"class_list":["post-13162","post","type-post","status-publish","format-standard","hentry","category-allgemeine","tag-mittelamerika-gesundheitsminister","et-doesnt-have-format-content","et_post_format-et-post-format-standard"],"_links":{"self":[{"href":"https:\/\/www.best-dentist-dentistry.com\/de\/wp-json\/wp\/v2\/posts\/13162","targetHints":{"allow":["GET"]}}],"collection":[{"href":"https:\/\/www.best-dentist-dentistry.com\/de\/wp-json\/wp\/v2\/posts"}],"about":[{"href":"https:\/\/www.best-dentist-dentistry.com\/de\/wp-json\/wp\/v2\/types\/post"}],"author":[{"embeddable":true,"href":"https:\/\/www.best-dentist-dentistry.com\/de\/wp-json\/wp\/v2\/users\/1"}],"replies":[{"embeddable":true,"href":"https:\/\/www.best-dentist-dentistry.com\/de\/wp-json\/wp\/v2\/comments?post=13162"}],"version-history":[{"count":0,"href":"https:\/\/www.best-dentist-dentistry.com\/de\/wp-json\/wp\/v2\/posts\/13162\/revisions"}],"wp:attachment":[{"href":"https:\/\/www.best-dentist-dentistry.com\/de\/wp-json\/wp\/v2\/media?parent=13162"}],"wp:term":[{"taxonomy":"category","embeddable":true,"href":"https:\/\/www.best-dentist-dentistry.com\/de\/wp-json\/wp\/v2\/categories?post=13162"},{"taxonomy":"post_tag","embeddable":true,"href":"https:\/\/www.best-dentist-dentistry.com\/de\/wp-json\/wp\/v2\/tags?post=13162"}],"curies":[{"name":"wp","href":"https:\/\/api.w.org\/{rel}","templated":true}]}}