{"id":13168,"date":"2012-08-19T02:47:37","date_gmt":"2012-08-19T02:47:37","guid":{"rendered":null},"modified":"-0001-11-30T00:00:00","modified_gmt":"-0001-11-30T00:00:00","slug":"valencian-pharmacists-catalogued-of-very-positive-meeting-with-the-ministry","status":"publish","type":"post","link":"https:\/\/www.best-dentist-dentistry.com\/de\/valencian-pharmacists-catalogued-of-very-positive-meeting-with-the-ministry\/13168","title":{"rendered":"Valencianische Apotheker katalogisiert &#8220;sehr positiv&#8221; Treffen mit dem Ministerium"},"content":{"rendered":"<p class=\"first\"> MADRID, 4 (EUROPA PRESS)<\/p>\n<p>The College der Apotheker von Valencia hat das Treffen von &#8220;sehr positiv&#8221; katalogisiert statt im Ministerium f\u00fcr Gesundheit, in dem der Besitzer des Feldes, Ana Mato teilgenommen hat und die auch der Pr\u00e4sident des Generalrats der Schulen Apotheker, Carmen Pe\u00f1a unterst\u00fctzt hat.<\/p>\n<p>Nach Quellen des Valencia pharmazeutische College (Micof), die Sitzung, die \u00fcber eine Stunde und eine H\u00e4lfte dauerte, hat wurden gebrandmarkt &#8220;positiv&#8221; f\u00fcr diesen Besuch und Morgen seinen Inhalt realisieren werden.<\/p>\n<p>Auch gefragt, wenn der Streik Elfter k\u00f6nnte, wenn beide Parteien eine Einigung in der Sitzung hatten, haben die gleichen Quellen Europa dr\u00fccken hingewiesen, dass die Entscheidung des elften Streik nicht sofort seit ersten stattfinden k\u00f6nnte m\u00fcsste dr\u00fccken Sie den Member durch einer Baugruppenansicht.<\/p>\n<p>Eigenen Pr\u00e4sident des College of Apotheker von Valencia, Mar\u00eda Teresa Guardiola, der illustren wurde, die w\u00e4hrend einer Pressekonferenz in Valencia, angek\u00fcndigt hat, die das Ministerium, um ihnen dringend, heute Nachmittag anordnen aufgerufen hatte.<\/p>\n<p>Guardiola bot Mittwoch eine Pressekonferenz zu erkl\u00e4ren, die Gr\u00fcnde, die zu den Apothekern gef\u00fchrt hat Streik aufrufen, auf unbestimmte Zeit von Montag bis sie im Februar und M\u00e4rz 240 Millionen Euro erhalten. Es w\u00fcrde die Versammlung um mitzuteilen, was zu tun einzuberufen, um nur einen Monat bezahlt werden. Halbe Pressekonferenz hat der Pr\u00e4sident der Micof erhielt jedoch einen Aufruf des Ministeriums zu diesem Nachmittag beruft ein. <\/p>\n","protected":false},"excerpt":{"rendered":"<p>MADRID, 4 (EUROPA PRESS) The College der Apotheker von Valencia hat das Treffen von &#8220;sehr positiv&#8221; katalogisiert statt im Ministerium f\u00fcr Gesundheit, in dem der Besitzer des Feldes, Ana Mato teilgenommen hat und die auch der Pr\u00e4sident des Generalrats der Schulen Apotheker, Carmen Pe\u00f1a unterst\u00fctzt hat. Nach Quellen des Valencia pharmazeutische College (Micof), die Sitzung, [&hellip;]<\/p>\n","protected":false},"author":1,"featured_media":0,"comment_status":"close","ping_status":"open","sticky":false,"template":"","format":"standard","meta":{"footnotes":""},"categories":[3],"tags":[],"class_list":["post-13168","post","type-post","status-publish","format-standard","hentry","category-allgemeine","et-doesnt-have-format-content","et_post_format-et-post-format-standard"],"_links":{"self":[{"href":"https:\/\/www.best-dentist-dentistry.com\/de\/wp-json\/wp\/v2\/posts\/13168","targetHints":{"allow":["GET"]}}],"collection":[{"href":"https:\/\/www.best-dentist-dentistry.com\/de\/wp-json\/wp\/v2\/posts"}],"about":[{"href":"https:\/\/www.best-dentist-dentistry.com\/de\/wp-json\/wp\/v2\/types\/post"}],"author":[{"embeddable":true,"href":"https:\/\/www.best-dentist-dentistry.com\/de\/wp-json\/wp\/v2\/users\/1"}],"replies":[{"embeddable":true,"href":"https:\/\/www.best-dentist-dentistry.com\/de\/wp-json\/wp\/v2\/comments?post=13168"}],"version-history":[{"count":0,"href":"https:\/\/www.best-dentist-dentistry.com\/de\/wp-json\/wp\/v2\/posts\/13168\/revisions"}],"wp:attachment":[{"href":"https:\/\/www.best-dentist-dentistry.com\/de\/wp-json\/wp\/v2\/media?parent=13168"}],"wp:term":[{"taxonomy":"category","embeddable":true,"href":"https:\/\/www.best-dentist-dentistry.com\/de\/wp-json\/wp\/v2\/categories?post=13168"},{"taxonomy":"post_tag","embeddable":true,"href":"https:\/\/www.best-dentist-dentistry.com\/de\/wp-json\/wp\/v2\/tags?post=13168"}],"curies":[{"name":"wp","href":"https:\/\/api.w.org\/{rel}","templated":true}]}}